{"id":1036,"date":"2021-03-26T05:03:44","date_gmt":"2021-03-26T05:03:44","guid":{"rendered":"http:\/\/consejoregionalwixarika.org\/?p=1036"},"modified":"2021-03-26T05:03:46","modified_gmt":"2021-03-26T05:03:46","slug":"pronunciamiento-con-relacion-al-incendio-en-wirikuta","status":"publish","type":"post","link":"http:\/\/consejoregionalwixarika.org\/?p=1036","title":{"rendered":"Pronunciamiento con relaci\u00f3n al incendio en Wirikuta"},"content":{"rendered":"\n<figure class=\"wp-block-image size-large\"><img loading=\"lazy\" decoding=\"async\" width=\"800\" height=\"800\" src=\"http:\/\/consejoregionalwixarika.org\/wp-content\/uploads\/2021\/03\/CRW_Logo.png\" alt=\"\" class=\"wp-image-1041\" srcset=\"http:\/\/consejoregionalwixarika.org\/wp-content\/uploads\/2021\/03\/CRW_Logo.png 800w, http:\/\/consejoregionalwixarika.org\/wp-content\/uploads\/2021\/03\/CRW_Logo-300x300.png 300w, http:\/\/consejoregionalwixarika.org\/wp-content\/uploads\/2021\/03\/CRW_Logo-150x150.png 150w, http:\/\/consejoregionalwixarika.org\/wp-content\/uploads\/2021\/03\/CRW_Logo-768x768.png 768w, http:\/\/consejoregionalwixarika.org\/wp-content\/uploads\/2021\/03\/CRW_Logo-100x100.png 100w, http:\/\/consejoregionalwixarika.org\/wp-content\/uploads\/2021\/03\/CRW_Logo-200x200.png 200w, http:\/\/consejoregionalwixarika.org\/wp-content\/uploads\/2021\/03\/CRW_Logo-450x450.png 450w, http:\/\/consejoregionalwixarika.org\/wp-content\/uploads\/2021\/03\/CRW_Logo-600x600.png 600w, http:\/\/consejoregionalwixarika.org\/wp-content\/uploads\/2021\/03\/CRW_Logo-45x45.png 45w\" sizes=\"(max-width: 800px) 100vw, 800px\" \/><\/figure>\n\n\n\n<p><\/p>\n\n\n\n<p class=\"has-text-align-left\">A 25 de marzo de 2021<br><br>CONSEJO REGIONAL WIX\u00c1RIKA POR LA DEFENSA DE WIRIKUTA<br>PRONUNCIAMIENTO <br><br>A LA SOCIEDAD EN GENERAL <br>A LOS MEDIOS DE COMUNICACI\u00d3N MASIVOS Y ALTERNATIVOS<br><br>Les enviamos un cordial saludo de parte de las comunidades Wixaritari que conformamos el Consejo Regional Wix\u00e1rika por la Defensa de Wirikuta (Bancos de San Hip\u00f3lito, Durango, Santa Catarina Cuexcomatitl\u00e1n, San Sebasti\u00e1n Teponahuaxtl\u00e1n y Tuxpan de Bola\u00f1os, Jalisco)<br><br>Como es de su conocimiento el pueblo Wix\u00e1rika es una cultura milenaria que a\u00f1o con a\u00f1o peregrina rumbo a Wirikuta donde se encuentran nuestras m\u00e1ximas deidades y es cuna de la sabidur\u00eda ancestral de nuestras comunidades. <br><br>Verificando la informaci\u00f3n de los medios de comunicaci\u00f3n y personas cercanas a la zona respecto al incendio que se ha suscitado desde hace aproximadamente una semana y que ah afectado m\u00e1s de 700 hect\u00e1reas destruyendo la flora y fauna de la regi\u00f3n, una brigada de nuestras comunidades wixaritari parti\u00f3 a los municipios Villa de Guadalupe, Charcas y Catorce, en el Estado de San Luis Potos\u00ed, para brindar apoyo a las personas afectadas.<br><br>Aclaramos que el apoyo que se est\u00e1 brindando por parte del Consejo Regional Wix\u00e1rika por la Defensa de Wirikuta es colaborar a sofocar el fuego y brindar apoyo de v\u00edveres a los comuneros y ejidatarios brigadistas.<br><br>Exigimos una vez m\u00e1s que el Gobierno del Estado de San Luis potos\u00ed, apoye a las personas afectadas como es su obligaci\u00f3n y derecho de sus habitantes. <\/p>\n\n\n\n<p class=\"has-text-align-left\">Exigimos que el gobierno federal intervenga lo m\u00e1s pronto posible para apoyar  en BENEFICIO DE LOS EJIDATARIOS Y COMUNEROS DE LOS MUNICIPIOS DE VILLA DE GUADALUPE, CHARCAS Y CATORCE.<br><br>Es importante reiterar que, actualmente, el Consejo Regional Wix\u00e1rika es una organizaci\u00f3n wix\u00e1rika independiente de organizaciones y colectivos como el Frente en Defensa de Wirikuta, Aho Colectivo, Naci\u00f3n Wix\u00e1rika Unido, Chichimecas de la Regi\u00f3n Norte del Altiplano Potosino, por lo que nos deslindamos de cualquier acci\u00f3n que se realice utilizando nuestra organizaci\u00f3n. <\/p>\n\n\n\n<p class=\"has-text-align-center\"><strong>ATENTAMENTE<\/strong><\/p>\n\n\n\n<p class=\"has-text-align-center\"><strong>A 25 DE MARZO DE 2021<\/strong><\/p>\n\n\n\n<p class=\"has-text-align-center\"><strong>CONSEJO REGIONAL WIX\u00c1RIKA POR LA DEFENSA DE WIRIKUTA<\/strong><\/p>\n\n\n\n<p class=\"has-text-align-center\"><strong>\u00a1WIRIKUTA NO SE VENDE, SE AMA Y SE DEFIENDE!<\/strong><\/p>\n\n\n\n<p><br><br><br><\/p>\n","protected":false},"excerpt":{"rendered":"<p>A 25 de marzo de 2021 CONSEJO REGIONAL WIX\u00c1RIKA POR LA DEFENSA DE WIRIKUTAPRONUNCIAMIENTO A LA SOCIEDAD EN GENERAL A LOS MEDIOS DE COMUNICACI\u00d3N MASIVOS Y ALTERNATIVOS Les enviamos un cordial saludo de parte de las comunidades Wixaritari que conformamos<span class=\"ellipsis\">&hellip;<\/span><\/p>\n<div class=\"read-more\"><a href=\"http:\/\/consejoregionalwixarika.org\/?p=1036\">Leer m&aacute;s &#8250;<\/a><\/div>\n<p><!-- end of .read-more --><\/p>\n","protected":false},"author":2,"featured_media":0,"comment_status":"open","ping_status":"open","sticky":false,"template":"","format":"standard","meta":{"footnotes":""},"categories":[6,5,10],"tags":[26,83,81],"class_list":["post-1036","post","type-post","status-publish","format-standard","hentry","category-docs","category-noticias","category-pronunciamientos","tag-consejo-regional-wixarika","tag-gobierno-de-san-luis-potosi","tag-incendio-wirikuta"],"_links":{"self":[{"href":"http:\/\/consejoregionalwixarika.org\/index.php?rest_route=\/wp\/v2\/posts\/1036"}],"collection":[{"href":"http:\/\/consejoregionalwixarika.org\/index.php?rest_route=\/wp\/v2\/posts"}],"about":[{"href":"http:\/\/consejoregionalwixarika.org\/index.php?rest_route=\/wp\/v2\/types\/post"}],"author":[{"embeddable":true,"href":"http:\/\/consejoregionalwixarika.org\/index.php?rest_route=\/wp\/v2\/users\/2"}],"replies":[{"embeddable":true,"href":"http:\/\/consejoregionalwixarika.org\/index.php?rest_route=%2Fwp%2Fv2%2Fcomments&post=1036"}],"version-history":[{"count":2,"href":"http:\/\/consejoregionalwixarika.org\/index.php?rest_route=\/wp\/v2\/posts\/1036\/revisions"}],"predecessor-version":[{"id":1042,"href":"http:\/\/consejoregionalwixarika.org\/index.php?rest_route=\/wp\/v2\/posts\/1036\/revisions\/1042"}],"wp:attachment":[{"href":"http:\/\/consejoregionalwixarika.org\/index.php?rest_route=%2Fwp%2Fv2%2Fmedia&parent=1036"}],"wp:term":[{"taxonomy":"category","embeddable":true,"href":"http:\/\/consejoregionalwixarika.org\/index.php?rest_route=%2Fwp%2Fv2%2Fcategories&post=1036"},{"taxonomy":"post_tag","embeddable":true,"href":"http:\/\/consejoregionalwixarika.org\/index.php?rest_route=%2Fwp%2Fv2%2Ftags&post=1036"}],"curies":[{"name":"wp","href":"https:\/\/api.w.org\/{rel}","templated":true}]}}