{"id":1118,"date":"2023-03-05T21:00:11","date_gmt":"2023-03-05T21:00:11","guid":{"rendered":"http:\/\/consejoregionalwixarika.org\/?p=1118"},"modified":"2023-03-05T21:08:34","modified_gmt":"2023-03-05T21:08:34","slug":"nuestro-companero-santos-de-la-cruz-carrillo-su-esposa-carlota-aguilar-parra-y-sus-hijos-fueron-localizados-con-vida","status":"publish","type":"post","link":"http:\/\/consejoregionalwixarika.org\/?p=1118","title":{"rendered":"Comunicado: Nuestro compa\u00f1ero Santos de la Cruz Carrillo, su esposa Carlota Aguilar Parra y sus dos hijos fueron localizados con vida."},"content":{"rendered":"\n<p>Consejo Regional Wix\u00e1rika por la Defensa de Wirikuta <\/p>\n\n\n\n<p>A todos lo medios masivos y alternativos A la sociedad civil organizada A p\u00fablico en general A 05 de marzo de 2023. <\/p>\n\n\n\n<p>COMUNICAMOS qu\u00e9: Nuestro compa\u00f1ero Santos de la Cruz Carrillo, Su esposa Carlota Aguilar Parra y sus hijos Paulo de la Cruz Aguilar de 3 meses y Henry de la Cruz Aguilar de 3 a\u00f1os, fueron localizados con vida por la Fiscal\u00eda General del Estado de Nayarit, luego que fueran privados de la libertad desde el viernes 03 de marzo a las 13 horas, aproximadamente. Ya se encuentran abiertas la investigaciones correspondientes ante las instancias estatales, federales e internacionales, SOLICITAMOS a la sociedad en general estar atentos ante est\u00e1 delicada situaci\u00f3n. Los hechos se dan luego de que les fueran restituidas 10,720 hect\u00e1reas el pasado 20, 21, 22, de febrero de 2023. <\/p>\n\n\n\n<p>En este momento la comunidad Wix\u00e1rika de Bancos de San Hip\u00f3lito, Durango, mantienen la manifestaci\u00f3n en la carretera Ruiz-Zacatecasa la altura de El Pastor, El Nayar, en los l\u00edmites de Nayarit y Durango, y no se retirar\u00e1n hasta que llegue Santos de la Cruz y su familia \u00edntegros. <\/p>\n\n\n\n<p>EXIGIMOS al estado mexicano justicia y se encuentre a los responsables. Que la Guardia Nacional haga acto de presencia en la zona. Se garantice la seguridad e integridad de las y los comuneros ante esta situaci\u00f3n de vulnerabilidad.<\/p>\n\n\n\n<p><\/p>\n\n\n\n<figure class=\"wp-block-image size-large\"><img loading=\"lazy\" decoding=\"async\" width=\"1024\" height=\"766\" src=\"http:\/\/consejoregionalwixarika.org\/wp-content\/uploads\/2023\/03\/334919224_757932312250825_6030078772698216596_n-1024x766.jpg\" alt=\"\" class=\"wp-image-1119\" srcset=\"http:\/\/consejoregionalwixarika.org\/wp-content\/uploads\/2023\/03\/334919224_757932312250825_6030078772698216596_n-1024x766.jpg 1024w, http:\/\/consejoregionalwixarika.org\/wp-content\/uploads\/2023\/03\/334919224_757932312250825_6030078772698216596_n-300x225.jpg 300w, http:\/\/consejoregionalwixarika.org\/wp-content\/uploads\/2023\/03\/334919224_757932312250825_6030078772698216596_n-768x575.jpg 768w, http:\/\/consejoregionalwixarika.org\/wp-content\/uploads\/2023\/03\/334919224_757932312250825_6030078772698216596_n-100x75.jpg 100w, http:\/\/consejoregionalwixarika.org\/wp-content\/uploads\/2023\/03\/334919224_757932312250825_6030078772698216596_n-150x112.jpg 150w, http:\/\/consejoregionalwixarika.org\/wp-content\/uploads\/2023\/03\/334919224_757932312250825_6030078772698216596_n-200x150.jpg 200w, http:\/\/consejoregionalwixarika.org\/wp-content\/uploads\/2023\/03\/334919224_757932312250825_6030078772698216596_n-450x337.jpg 450w, http:\/\/consejoregionalwixarika.org\/wp-content\/uploads\/2023\/03\/334919224_757932312250825_6030078772698216596_n-600x449.jpg 600w, http:\/\/consejoregionalwixarika.org\/wp-content\/uploads\/2023\/03\/334919224_757932312250825_6030078772698216596_n-900x674.jpg 900w, http:\/\/consejoregionalwixarika.org\/wp-content\/uploads\/2023\/03\/334919224_757932312250825_6030078772698216596_n.jpg 1280w\" sizes=\"(max-width: 1024px) 100vw, 1024px\" \/><\/figure>\n\n\n\n<figure class=\"wp-block-image size-large\"><img loading=\"lazy\" decoding=\"async\" width=\"1024\" height=\"766\" src=\"http:\/\/consejoregionalwixarika.org\/wp-content\/uploads\/2023\/03\/334922943_883207622974550_4558682731414782563_n-1024x766.jpg\" alt=\"\" class=\"wp-image-1120\" srcset=\"http:\/\/consejoregionalwixarika.org\/wp-content\/uploads\/2023\/03\/334922943_883207622974550_4558682731414782563_n-1024x766.jpg 1024w, http:\/\/consejoregionalwixarika.org\/wp-content\/uploads\/2023\/03\/334922943_883207622974550_4558682731414782563_n-300x225.jpg 300w, http:\/\/consejoregionalwixarika.org\/wp-content\/uploads\/2023\/03\/334922943_883207622974550_4558682731414782563_n-768x575.jpg 768w, http:\/\/consejoregionalwixarika.org\/wp-content\/uploads\/2023\/03\/334922943_883207622974550_4558682731414782563_n-100x75.jpg 100w, http:\/\/consejoregionalwixarika.org\/wp-content\/uploads\/2023\/03\/334922943_883207622974550_4558682731414782563_n-150x112.jpg 150w, http:\/\/consejoregionalwixarika.org\/wp-content\/uploads\/2023\/03\/334922943_883207622974550_4558682731414782563_n-200x150.jpg 200w, http:\/\/consejoregionalwixarika.org\/wp-content\/uploads\/2023\/03\/334922943_883207622974550_4558682731414782563_n-450x337.jpg 450w, http:\/\/consejoregionalwixarika.org\/wp-content\/uploads\/2023\/03\/334922943_883207622974550_4558682731414782563_n-600x449.jpg 600w, http:\/\/consejoregionalwixarika.org\/wp-content\/uploads\/2023\/03\/334922943_883207622974550_4558682731414782563_n-900x674.jpg 900w, http:\/\/consejoregionalwixarika.org\/wp-content\/uploads\/2023\/03\/334922943_883207622974550_4558682731414782563_n.jpg 1280w\" sizes=\"(max-width: 1024px) 100vw, 1024px\" \/><\/figure>\n\n\n\n<figure class=\"wp-block-image size-large\"><img loading=\"lazy\" decoding=\"async\" width=\"1024\" height=\"766\" src=\"http:\/\/consejoregionalwixarika.org\/wp-content\/uploads\/2023\/03\/334897805_1765454033851299_6782601644732560282_n-1024x766.jpg\" alt=\"\" class=\"wp-image-1121\" srcset=\"http:\/\/consejoregionalwixarika.org\/wp-content\/uploads\/2023\/03\/334897805_1765454033851299_6782601644732560282_n-1024x766.jpg 1024w, http:\/\/consejoregionalwixarika.org\/wp-content\/uploads\/2023\/03\/334897805_1765454033851299_6782601644732560282_n-300x225.jpg 300w, http:\/\/consejoregionalwixarika.org\/wp-content\/uploads\/2023\/03\/334897805_1765454033851299_6782601644732560282_n-768x575.jpg 768w, http:\/\/consejoregionalwixarika.org\/wp-content\/uploads\/2023\/03\/334897805_1765454033851299_6782601644732560282_n-100x75.jpg 100w, http:\/\/consejoregionalwixarika.org\/wp-content\/uploads\/2023\/03\/334897805_1765454033851299_6782601644732560282_n-150x112.jpg 150w, http:\/\/consejoregionalwixarika.org\/wp-content\/uploads\/2023\/03\/334897805_1765454033851299_6782601644732560282_n-200x150.jpg 200w, http:\/\/consejoregionalwixarika.org\/wp-content\/uploads\/2023\/03\/334897805_1765454033851299_6782601644732560282_n-450x337.jpg 450w, http:\/\/consejoregionalwixarika.org\/wp-content\/uploads\/2023\/03\/334897805_1765454033851299_6782601644732560282_n-600x449.jpg 600w, http:\/\/consejoregionalwixarika.org\/wp-content\/uploads\/2023\/03\/334897805_1765454033851299_6782601644732560282_n-900x674.jpg 900w, http:\/\/consejoregionalwixarika.org\/wp-content\/uploads\/2023\/03\/334897805_1765454033851299_6782601644732560282_n.jpg 1280w\" sizes=\"(max-width: 1024px) 100vw, 1024px\" \/><\/figure>\n\n\n\n<figure class=\"wp-block-image size-large\"><img loading=\"lazy\" decoding=\"async\" width=\"1024\" height=\"766\" src=\"http:\/\/consejoregionalwixarika.org\/wp-content\/uploads\/2023\/03\/334926213_1556258021545923_9028022009821192523_n-1024x766.jpg\" alt=\"\" class=\"wp-image-1122\" srcset=\"http:\/\/consejoregionalwixarika.org\/wp-content\/uploads\/2023\/03\/334926213_1556258021545923_9028022009821192523_n-1024x766.jpg 1024w, http:\/\/consejoregionalwixarika.org\/wp-content\/uploads\/2023\/03\/334926213_1556258021545923_9028022009821192523_n-300x225.jpg 300w, http:\/\/consejoregionalwixarika.org\/wp-content\/uploads\/2023\/03\/334926213_1556258021545923_9028022009821192523_n-768x575.jpg 768w, http:\/\/consejoregionalwixarika.org\/wp-content\/uploads\/2023\/03\/334926213_1556258021545923_9028022009821192523_n-100x75.jpg 100w, http:\/\/consejoregionalwixarika.org\/wp-content\/uploads\/2023\/03\/334926213_1556258021545923_9028022009821192523_n-150x112.jpg 150w, http:\/\/consejoregionalwixarika.org\/wp-content\/uploads\/2023\/03\/334926213_1556258021545923_9028022009821192523_n-200x150.jpg 200w, http:\/\/consejoregionalwixarika.org\/wp-content\/uploads\/2023\/03\/334926213_1556258021545923_9028022009821192523_n-450x337.jpg 450w, http:\/\/consejoregionalwixarika.org\/wp-content\/uploads\/2023\/03\/334926213_1556258021545923_9028022009821192523_n-600x449.jpg 600w, http:\/\/consejoregionalwixarika.org\/wp-content\/uploads\/2023\/03\/334926213_1556258021545923_9028022009821192523_n-900x674.jpg 900w, http:\/\/consejoregionalwixarika.org\/wp-content\/uploads\/2023\/03\/334926213_1556258021545923_9028022009821192523_n.jpg 1280w\" sizes=\"(max-width: 1024px) 100vw, 1024px\" \/><\/figure>\n","protected":false},"excerpt":{"rendered":"<p>Consejo Regional Wix\u00e1rika por la Defensa de Wirikuta A todos lo medios masivos y alternativos A la sociedad civil organizada A p\u00fablico en general A 05 de marzo de 2023. COMUNICAMOS qu\u00e9: Nuestro compa\u00f1ero Santos de la Cruz Carrillo, Su<span class=\"ellipsis\">&hellip;<\/span><\/p>\n<div class=\"read-more\"><a href=\"http:\/\/consejoregionalwixarika.org\/?p=1118\">Leer m&aacute;s &#8250;<\/a><\/div>\n<p><!-- end of .read-more --><\/p>\n","protected":false},"author":2,"featured_media":1120,"comment_status":"open","ping_status":"open","sticky":false,"template":"","format":"standard","meta":{"footnotes":""},"categories":[6,5,10],"tags":[],"class_list":["post-1118","post","type-post","status-publish","format-standard","has-post-thumbnail","hentry","category-docs","category-noticias","category-pronunciamientos"],"_links":{"self":[{"href":"http:\/\/consejoregionalwixarika.org\/index.php?rest_route=\/wp\/v2\/posts\/1118"}],"collection":[{"href":"http:\/\/consejoregionalwixarika.org\/index.php?rest_route=\/wp\/v2\/posts"}],"about":[{"href":"http:\/\/consejoregionalwixarika.org\/index.php?rest_route=\/wp\/v2\/types\/post"}],"author":[{"embeddable":true,"href":"http:\/\/consejoregionalwixarika.org\/index.php?rest_route=\/wp\/v2\/users\/2"}],"replies":[{"embeddable":true,"href":"http:\/\/consejoregionalwixarika.org\/index.php?rest_route=%2Fwp%2Fv2%2Fcomments&post=1118"}],"version-history":[{"count":3,"href":"http:\/\/consejoregionalwixarika.org\/index.php?rest_route=\/wp\/v2\/posts\/1118\/revisions"}],"predecessor-version":[{"id":1125,"href":"http:\/\/consejoregionalwixarika.org\/index.php?rest_route=\/wp\/v2\/posts\/1118\/revisions\/1125"}],"wp:featuredmedia":[{"embeddable":true,"href":"http:\/\/consejoregionalwixarika.org\/index.php?rest_route=\/wp\/v2\/media\/1120"}],"wp:attachment":[{"href":"http:\/\/consejoregionalwixarika.org\/index.php?rest_route=%2Fwp%2Fv2%2Fmedia&parent=1118"}],"wp:term":[{"taxonomy":"category","embeddable":true,"href":"http:\/\/consejoregionalwixarika.org\/index.php?rest_route=%2Fwp%2Fv2%2Fcategories&post=1118"},{"taxonomy":"post_tag","embeddable":true,"href":"http:\/\/consejoregionalwixarika.org\/index.php?rest_route=%2Fwp%2Fv2%2Ftags&post=1118"}],"curies":[{"name":"wp","href":"https:\/\/api.w.org\/{rel}","templated":true}]}}