{"id":1175,"date":"2024-08-13T20:10:53","date_gmt":"2024-08-13T20:10:53","guid":{"rendered":"http:\/\/consejoregionalwixarika.org\/?p=1175"},"modified":"2025-01-16T00:26:29","modified_gmt":"2025-01-16T00:26:29","slug":"comunicado-urgente","status":"publish","type":"post","link":"http:\/\/consejoregionalwixarika.org\/?p=1175","title":{"rendered":"EXIGIMOS PRESENTEN CON VIDA A: Antonio Carrillo Gonz\u00e1lez y Yuniur V\u00e1zquez Rosalio"},"content":{"rendered":"\n<p><strong>COMUNICADO URGENTE<\/strong><\/p>\n\n\n\n<p>LIC. ANDR\u00c9S MANUEL L\u00d3PEZ OBRADOR. PRESIDENTE DE LOS ESTADOS UNIDOS MEXICANOS.<\/p>\n\n\n\n<p>A LA C. LUISA MAR\u00cdA ALCALDE SECRETARIA DE GOBERNACI\u00d3N.<\/p>\n\n\n\n<p>A LA FISCAL\u00cdA GENERAL DE LA REP\u00daBLICA.<\/p>\n\n\n\n<p>A LA SECRETAR\u00cdA DE SEGURIDAD P\u00daBLICA Y PARTICIPACI\u00d3N CIUDADANA.<\/p>\n\n\n\n<p>A LA COMISI\u00d3N NACIONAL DE B\u00daSQUEDA.<\/p>\n\n\n\n<p>A LA COMISI\u00d3N EJECUTIVA DE ATENCI\u00d3N A V\u00cdCTIMAS.<\/p>\n\n\n\n<p>AL LIC. ADELFO REGINO MONTES, DIRECTOR GENERAL DEL INSTITUTO NACIONAL DE LOS PUEBLOS IND\u00cdGENAS (INPI).<\/p>\n\n\n\n<p>A LOS GOBERNADORES CONSTITUCIONALES DE LOS ESTADOS DE JALISCO, NAYARIT, DURANGO Y ZACATECAS.<\/p>\n\n\n\n<p>A LAS OFICINAS DE REPRESENTACI\u00d3N DEL INPI DE JALISCO.<\/p>\n\n\n\n<p>A LA MTRA. JOSEFINA ELIZABETH BRAVO RANGEL COMISIONDADA PARA EL DI\u00c1LOGO CON LOS IND\u00cdGENAS DE M\u00c9XICO (CDPIM) DE LA SEGOB.<\/p>\n\n\n\n<p>A LA FISCAL\u00cdA GENERAL DEL ESTADO DE JALISCO, NAYARIT, ZACATECAS Y DURANGO.&nbsp;<\/p>\n\n\n\n<p>A LA ORGANIZACI\u00d3N DE LAS NACIONES UNIDAS.<\/p>\n\n\n\n<p>A LA OFICINA DEL ALTO COMISIONADO DE LAS NACIONES UNIDAS PARA LOS DERECHOS HUMANOS EN M\u00c9XICO.<\/p>\n\n\n\n<p>A LAS PRESIDENCIAS Y SEGURIDAD P\u00daBLICA DE LOS MUNICIPIOS COLOTL\u00c1N, TOTATICHE, VILLA GUERRRO, BOLA\u00d1OS, CHIMALTIT\u00c1N, MEZQUITIC Y HUEJUQUILLA EN EL ESTADO DE JALISCO.<\/p>\n\n\n\n<p>A LA CCCG DEL EJ\u00c9RCITO ZAPATISTA DE LIBERACI\u00d3N NACIONAL.<\/p>\n\n\n\n<p>AL CONCEJO IND\u00cdGENA DE GOBIERNO.<\/p>\n\n\n\n<p>AL CONGRESO NACIONAL IND\u00cdGENA.<\/p>\n\n\n\n<p>A LOS PUEBLOS Y COMUNIDADES IND\u00cdGENAS DE M\u00c9XICO Y DEL MUNDO.<\/p>\n\n\n\n<p>AL PUEBLO WIX\u00c1RIKA DE JALISCO, NAYARIT, DURANGO Y ZACATECAS.<\/p>\n\n\n\n<p>Consternados de la situaci\u00f3n que estamos viviendo en nuestro pa\u00eds y del acrecentamiento de la violencia e inseguridad, hoy estamos lleno de rabia, coraje e impotencia ante la desaparici\u00f3n constante de compa\u00f1eras y compa\u00f1eros de la regi\u00f3n Wix\u00e1rika, si bien, las autoridades competentes no han podido frenar esta criminalizaci\u00f3n.<\/p>\n\n\n\n<p>Ahora estamos afligidos porque estamos enterados de la desaparici\u00f3n de dos de nuestros compa\u00f1eros de la regi\u00f3n Wix\u00e1rika los CC. LIC. V\u00c1ZQUEZ YUNIUR ROSAL\u00cdO Y EL LIC. ANTONIO CARRILLO GONZ\u00c1LEZ ambos originarios de la comunidad de San Sebasti\u00e1n Teponahuaxtl\u00e1n-Waut+a y Tuxpan-Kuruxi Manuwe, Jalisco.<\/p>\n\n\n\n<p>El primero ha sido nuestro representante y coordinador general del Consejo Regional Wix\u00e1rika por la Defensa de los Territorios y Lugares Sagrados, actualmente es PRESIDENTE ELECTO por el municipio de Bola\u00f1os, Jalisco.<\/p>\n\n\n\n<p>El segundo ha sido representante en la Concertaci\u00f3n Agraria de su comunidad y actualmente el Consejero Nacional de los Pueblos Ind\u00edgenas.<\/p>\n\n\n\n<p>Estamos enterado de su desaparici\u00f3n y que la \u00faltima vez fueron vistos en el hotel de los G\u00e1lvez de Colotl\u00e1n, Jalisco el pasado s\u00e1bado 10 de agosto del a\u00f1o en curso alrededor de las 11hrs.&nbsp;<\/p>\n\n\n\n<p>Es importante se\u00f1alar que nuestros compa\u00f1eros acaban de regresar de la ASAMBLEA NACIONAL DEL CONSEJO NACIONAL DE LOS PUEBLOS IND\u00cdGENAS llevado a cabo en la ciudad de M\u00e9xico, los d\u00edas 08 y 09 de agosto de 2024, dentro del marco del d\u00eda Internacional de los Pueblos Ind\u00edgenas.<\/p>\n\n\n\n<p>Por lo anterior expuesto, LAS AUTORIDADES TRADICIONALES, CIVILES Y AGRARIAS DE BANCOS DE CAL\u00cdTIQUE DEL MUNICIPIO DE MEZQUITAL ESTADO DE DURANGO Y MIEMBROS DEL <strong>CONSEJO REGIONAL WIX\u00c1RIKA POR LA DEFENSA DE LOS TERRITORIOS Y LUGARES SAGRADOS;<\/strong>&nbsp;<\/p>\n\n\n\n<p><strong>E&nbsp; X&nbsp; I&nbsp; G&nbsp; I&nbsp; M O&nbsp; S :&nbsp;<\/strong><\/p>\n\n\n\n<p><strong>PRIMERO. &#8211;<\/strong> La presentaci\u00f3n con vida de nuestros compa\u00f1eros los CC. LICENCIADOS YUNIUR V\u00c1ZQUEZ ROSAL\u00cdO Y ANTONIO CARRILLO GONZ\u00c1LEZ y el retorno seguro a su hogar<\/p>\n\n\n\n<p><strong>SEGUNDO. \u2013<\/strong> Se hagan las acciones de b\u00fasqueda por parte de la Comisi\u00f3n Nacional de B\u00fasqueda y de las delegaciones de los Estados de Nayarit, Durango, Jalisco y Zacatecas.<\/p>\n\n\n\n<p><strong>TERCERO. &#8211;<\/strong> Se hagan las acciones de b\u00fasqueda por parte de la Fiscal\u00eda General de la Rep\u00fablica, as\u00ed como de las representaciones de los Estados de Jalisco, Zacatecas, Nayarit y Durango.<\/p>\n\n\n\n<p><strong>CUARTO. \u2013<\/strong> A nuestro Presidente de la Rep\u00fablica Lic. Andr\u00e9s Manuel L\u00f3pez Obrador le solicitamos urgentemente instruya a las instancias responsables para que den con el paradero de nuestros compa\u00f1eros los CC. LICENCIADOS YUNIUR V\u00c1ZQUEZ ROSAL\u00cdO y ANTONIO CARRILLO GONZ\u00c1LEZ y de forma inmediata se cumpla las demandas planteadas en el Plan de Justicia Wix\u00e1rika, Naa&#8217;yeri, O&#8217;dam, Au&#8217;dam, y Meshikan, es decir, la instalaci\u00f3n de los cuarteles de la Guardia Nacional y\/o Base Militar en los puntos estrat\u00e9gicos.<\/p>\n\n\n\n<p><strong>QUINTO. &#8211;<\/strong> A todas las instancias gubernamentales y no gubernamentales, antes se\u00f1aladas pedimos de su atenci\u00f3n y apoyo incondicional en la medida de sus posibilidades se solidaricen y contribuyan en la b\u00fasqueda y se encuentre con vida a nuestros compa\u00f1eros los CC. LICENCIADOS YUNIUR V\u00c1ZQUEZ ROSAL\u00cdO y ANTONIO CARRILLO GONZ\u00c1LEZ.&nbsp;<\/p>\n\n\n\n<h1 class=\"wp-block-heading\"><strong>A T E N T A M E N T E<\/strong><\/h1>\n\n\n\n<p><strong>A 13 DE AGOSTO DEL 2024<\/strong><\/p>\n\n\n\n<p>LAS AUTORIDADES TRADICIONALES, CIVILES, AGRARIAS DE BANCOS DE CAL\u00cdTIQUE MUNICIPIO DE MEZQUITAL, ESTADO DE DURANGO, MIEMBROS DEL CONSEJO REGIONAL WIX\u00c1RIKA POR LA DEFENSA DE LOS TERRITORIOS Y LUGARES SAGRADOS<strong>.<\/strong><\/p>\n\n\n\n\n\n<figure class=\"wp-block-image size-full\"><img loading=\"lazy\" decoding=\"async\" width=\"857\" height=\"641\" src=\"http:\/\/consejoregionalwixarika.org\/wp-content\/uploads\/2024\/08\/Sin-titulo.jpg\" alt=\"\" class=\"wp-image-1178\" srcset=\"http:\/\/consejoregionalwixarika.org\/wp-content\/uploads\/2024\/08\/Sin-titulo.jpg 857w, http:\/\/consejoregionalwixarika.org\/wp-content\/uploads\/2024\/08\/Sin-titulo-300x224.jpg 300w, http:\/\/consejoregionalwixarika.org\/wp-content\/uploads\/2024\/08\/Sin-titulo-768x574.jpg 768w, http:\/\/consejoregionalwixarika.org\/wp-content\/uploads\/2024\/08\/Sin-titulo-100x75.jpg 100w, http:\/\/consejoregionalwixarika.org\/wp-content\/uploads\/2024\/08\/Sin-titulo-150x112.jpg 150w, http:\/\/consejoregionalwixarika.org\/wp-content\/uploads\/2024\/08\/Sin-titulo-200x150.jpg 200w, http:\/\/consejoregionalwixarika.org\/wp-content\/uploads\/2024\/08\/Sin-titulo-450x337.jpg 450w, http:\/\/consejoregionalwixarika.org\/wp-content\/uploads\/2024\/08\/Sin-titulo-600x449.jpg 600w\" sizes=\"(max-width: 857px) 100vw, 857px\" \/><\/figure>\n\n\n\n<figure class=\"wp-block-image size-full\"><img loading=\"lazy\" decoding=\"async\" width=\"859\" height=\"633\" src=\"http:\/\/consejoregionalwixarika.org\/wp-content\/uploads\/2024\/08\/Sin-tituloq.jpg\" alt=\"\" class=\"wp-image-1179\" srcset=\"http:\/\/consejoregionalwixarika.org\/wp-content\/uploads\/2024\/08\/Sin-tituloq.jpg 859w, http:\/\/consejoregionalwixarika.org\/wp-content\/uploads\/2024\/08\/Sin-tituloq-300x221.jpg 300w, http:\/\/consejoregionalwixarika.org\/wp-content\/uploads\/2024\/08\/Sin-tituloq-768x566.jpg 768w, http:\/\/consejoregionalwixarika.org\/wp-content\/uploads\/2024\/08\/Sin-tituloq-100x74.jpg 100w, http:\/\/consejoregionalwixarika.org\/wp-content\/uploads\/2024\/08\/Sin-tituloq-150x111.jpg 150w, http:\/\/consejoregionalwixarika.org\/wp-content\/uploads\/2024\/08\/Sin-tituloq-200x147.jpg 200w, http:\/\/consejoregionalwixarika.org\/wp-content\/uploads\/2024\/08\/Sin-tituloq-450x332.jpg 450w, http:\/\/consejoregionalwixarika.org\/wp-content\/uploads\/2024\/08\/Sin-tituloq-600x442.jpg 600w\" sizes=\"(max-width: 859px) 100vw, 859px\" \/><\/figure>\n\n\n\n<figure class=\"wp-block-image size-large\"><img loading=\"lazy\" decoding=\"async\" width=\"724\" height=\"1024\" src=\"http:\/\/consejoregionalwixarika.org\/wp-content\/uploads\/2024\/08\/455161714_10162174386684041_8764255510929294946_n-724x1024.jpg\" alt=\"\" class=\"wp-image-1184\" srcset=\"http:\/\/consejoregionalwixarika.org\/wp-content\/uploads\/2024\/08\/455161714_10162174386684041_8764255510929294946_n-724x1024.jpg 724w, http:\/\/consejoregionalwixarika.org\/wp-content\/uploads\/2024\/08\/455161714_10162174386684041_8764255510929294946_n-212x300.jpg 212w, http:\/\/consejoregionalwixarika.org\/wp-content\/uploads\/2024\/08\/455161714_10162174386684041_8764255510929294946_n-768x1087.jpg 768w, http:\/\/consejoregionalwixarika.org\/wp-content\/uploads\/2024\/08\/455161714_10162174386684041_8764255510929294946_n-1085x1536.jpg 1085w, http:\/\/consejoregionalwixarika.org\/wp-content\/uploads\/2024\/08\/455161714_10162174386684041_8764255510929294946_n-100x142.jpg 100w, http:\/\/consejoregionalwixarika.org\/wp-content\/uploads\/2024\/08\/455161714_10162174386684041_8764255510929294946_n-150x212.jpg 150w, http:\/\/consejoregionalwixarika.org\/wp-content\/uploads\/2024\/08\/455161714_10162174386684041_8764255510929294946_n-200x283.jpg 200w, http:\/\/consejoregionalwixarika.org\/wp-content\/uploads\/2024\/08\/455161714_10162174386684041_8764255510929294946_n-300x425.jpg 300w, http:\/\/consejoregionalwixarika.org\/wp-content\/uploads\/2024\/08\/455161714_10162174386684041_8764255510929294946_n-450x637.jpg 450w, http:\/\/consejoregionalwixarika.org\/wp-content\/uploads\/2024\/08\/455161714_10162174386684041_8764255510929294946_n-600x849.jpg 600w, http:\/\/consejoregionalwixarika.org\/wp-content\/uploads\/2024\/08\/455161714_10162174386684041_8764255510929294946_n-900x1274.jpg 900w, http:\/\/consejoregionalwixarika.org\/wp-content\/uploads\/2024\/08\/455161714_10162174386684041_8764255510929294946_n.jpg 1240w\" sizes=\"(max-width: 724px) 100vw, 724px\" \/><\/figure>\n\n\n\n<figure class=\"wp-block-image size-large\"><img loading=\"lazy\" decoding=\"async\" width=\"724\" height=\"1024\" src=\"http:\/\/consejoregionalwixarika.org\/wp-content\/uploads\/2024\/08\/455030534_10162174388219041_1921432517214649430_n-724x1024.jpg\" alt=\"\" class=\"wp-image-1185\" srcset=\"http:\/\/consejoregionalwixarika.org\/wp-content\/uploads\/2024\/08\/455030534_10162174388219041_1921432517214649430_n-724x1024.jpg 724w, http:\/\/consejoregionalwixarika.org\/wp-content\/uploads\/2024\/08\/455030534_10162174388219041_1921432517214649430_n-212x300.jpg 212w, http:\/\/consejoregionalwixarika.org\/wp-content\/uploads\/2024\/08\/455030534_10162174388219041_1921432517214649430_n-768x1087.jpg 768w, http:\/\/consejoregionalwixarika.org\/wp-content\/uploads\/2024\/08\/455030534_10162174388219041_1921432517214649430_n-1085x1536.jpg 1085w, http:\/\/consejoregionalwixarika.org\/wp-content\/uploads\/2024\/08\/455030534_10162174388219041_1921432517214649430_n-100x142.jpg 100w, http:\/\/consejoregionalwixarika.org\/wp-content\/uploads\/2024\/08\/455030534_10162174388219041_1921432517214649430_n-150x212.jpg 150w, http:\/\/consejoregionalwixarika.org\/wp-content\/uploads\/2024\/08\/455030534_10162174388219041_1921432517214649430_n-200x283.jpg 200w, http:\/\/consejoregionalwixarika.org\/wp-content\/uploads\/2024\/08\/455030534_10162174388219041_1921432517214649430_n-300x425.jpg 300w, http:\/\/consejoregionalwixarika.org\/wp-content\/uploads\/2024\/08\/455030534_10162174388219041_1921432517214649430_n-450x637.jpg 450w, http:\/\/consejoregionalwixarika.org\/wp-content\/uploads\/2024\/08\/455030534_10162174388219041_1921432517214649430_n-600x849.jpg 600w, http:\/\/consejoregionalwixarika.org\/wp-content\/uploads\/2024\/08\/455030534_10162174388219041_1921432517214649430_n-900x1274.jpg 900w, http:\/\/consejoregionalwixarika.org\/wp-content\/uploads\/2024\/08\/455030534_10162174388219041_1921432517214649430_n.jpg 1240w\" sizes=\"(max-width: 724px) 100vw, 724px\" \/><\/figure>\n\n\n\n<figure class=\"wp-block-image size-large\"><img loading=\"lazy\" decoding=\"async\" width=\"724\" height=\"1024\" src=\"http:\/\/consejoregionalwixarika.org\/wp-content\/uploads\/2024\/08\/455228595_10162174388209041_2954366039822248178_n-724x1024.jpg\" alt=\"\" class=\"wp-image-1187\" srcset=\"http:\/\/consejoregionalwixarika.org\/wp-content\/uploads\/2024\/08\/455228595_10162174388209041_2954366039822248178_n-724x1024.jpg 724w, http:\/\/consejoregionalwixarika.org\/wp-content\/uploads\/2024\/08\/455228595_10162174388209041_2954366039822248178_n-212x300.jpg 212w, http:\/\/consejoregionalwixarika.org\/wp-content\/uploads\/2024\/08\/455228595_10162174388209041_2954366039822248178_n-768x1087.jpg 768w, http:\/\/consejoregionalwixarika.org\/wp-content\/uploads\/2024\/08\/455228595_10162174388209041_2954366039822248178_n-1085x1536.jpg 1085w, http:\/\/consejoregionalwixarika.org\/wp-content\/uploads\/2024\/08\/455228595_10162174388209041_2954366039822248178_n-100x142.jpg 100w, http:\/\/consejoregionalwixarika.org\/wp-content\/uploads\/2024\/08\/455228595_10162174388209041_2954366039822248178_n-150x212.jpg 150w, http:\/\/consejoregionalwixarika.org\/wp-content\/uploads\/2024\/08\/455228595_10162174388209041_2954366039822248178_n-200x283.jpg 200w, http:\/\/consejoregionalwixarika.org\/wp-content\/uploads\/2024\/08\/455228595_10162174388209041_2954366039822248178_n-300x425.jpg 300w, http:\/\/consejoregionalwixarika.org\/wp-content\/uploads\/2024\/08\/455228595_10162174388209041_2954366039822248178_n-450x637.jpg 450w, http:\/\/consejoregionalwixarika.org\/wp-content\/uploads\/2024\/08\/455228595_10162174388209041_2954366039822248178_n-600x849.jpg 600w, http:\/\/consejoregionalwixarika.org\/wp-content\/uploads\/2024\/08\/455228595_10162174388209041_2954366039822248178_n-900x1274.jpg 900w, http:\/\/consejoregionalwixarika.org\/wp-content\/uploads\/2024\/08\/455228595_10162174388209041_2954366039822248178_n.jpg 1240w\" sizes=\"(max-width: 724px) 100vw, 724px\" \/><\/figure>\n","protected":false},"excerpt":{"rendered":"<p>COMUNICADO URGENTE LIC. ANDR\u00c9S MANUEL L\u00d3PEZ OBRADOR. PRESIDENTE DE LOS ESTADOS UNIDOS MEXICANOS. A LA C. LUISA MAR\u00cdA ALCALDE SECRETARIA DE GOBERNACI\u00d3N. A LA FISCAL\u00cdA GENERAL DE LA REP\u00daBLICA. A LA SECRETAR\u00cdA DE SEGURIDAD P\u00daBLICA Y PARTICIPACI\u00d3N CIUDADANA. A LA<span class=\"ellipsis\">&hellip;<\/span><\/p>\n<div class=\"read-more\"><a href=\"http:\/\/consejoregionalwixarika.org\/?p=1175\">Leer m&aacute;s &#8250;<\/a><\/div>\n<p><!-- end of .read-more --><\/p>\n","protected":false},"author":2,"featured_media":1180,"comment_status":"open","ping_status":"open","sticky":true,"template":"","format":"standard","meta":{"footnotes":""},"categories":[6,5,10],"tags":[26,27,48,13,9],"class_list":["post-1175","post","type-post","status-publish","format-standard","has-post-thumbnail","hentry","category-docs","category-noticias","category-pronunciamientos","tag-consejo-regional-wixarika","tag-lugares-sagrados","tag-san-sebastian-teponahuaxtlan-y-tuxpan-de-bolanos","tag-wirikuta","tag-wixarika"],"_links":{"self":[{"href":"http:\/\/consejoregionalwixarika.org\/index.php?rest_route=\/wp\/v2\/posts\/1175"}],"collection":[{"href":"http:\/\/consejoregionalwixarika.org\/index.php?rest_route=\/wp\/v2\/posts"}],"about":[{"href":"http:\/\/consejoregionalwixarika.org\/index.php?rest_route=\/wp\/v2\/types\/post"}],"author":[{"embeddable":true,"href":"http:\/\/consejoregionalwixarika.org\/index.php?rest_route=\/wp\/v2\/users\/2"}],"replies":[{"embeddable":true,"href":"http:\/\/consejoregionalwixarika.org\/index.php?rest_route=%2Fwp%2Fv2%2Fcomments&post=1175"}],"version-history":[{"count":4,"href":"http:\/\/consejoregionalwixarika.org\/index.php?rest_route=\/wp\/v2\/posts\/1175\/revisions"}],"predecessor-version":[{"id":1188,"href":"http:\/\/consejoregionalwixarika.org\/index.php?rest_route=\/wp\/v2\/posts\/1175\/revisions\/1188"}],"wp:featuredmedia":[{"embeddable":true,"href":"http:\/\/consejoregionalwixarika.org\/index.php?rest_route=\/wp\/v2\/media\/1180"}],"wp:attachment":[{"href":"http:\/\/consejoregionalwixarika.org\/index.php?rest_route=%2Fwp%2Fv2%2Fmedia&parent=1175"}],"wp:term":[{"taxonomy":"category","embeddable":true,"href":"http:\/\/consejoregionalwixarika.org\/index.php?rest_route=%2Fwp%2Fv2%2Fcategories&post=1175"},{"taxonomy":"post_tag","embeddable":true,"href":"http:\/\/consejoregionalwixarika.org\/index.php?rest_route=%2Fwp%2Fv2%2Ftags&post=1175"}],"curies":[{"name":"wp","href":"https:\/\/api.w.org\/{rel}","templated":true}]}}