{"id":118,"date":"2016-09-07T16:01:09","date_gmt":"2016-09-07T16:01:09","guid":{"rendered":"http:\/\/consejoregionalwixarika.org\/?p=118"},"modified":"2016-09-07T16:02:43","modified_gmt":"2016-09-07T16:02:43","slug":"convocamos-a-rueda-de-prensa-por-la-restitucion-de-tierras-de-san-sebastian-teponahuaxtlan-wauta-y-tuxpan-kuruxi-manuwe","status":"publish","type":"post","link":"http:\/\/consejoregionalwixarika.org\/?p=118","title":{"rendered":"CONVOCAMOS A RUEDA DE PRENSA por la Restituci\u00f3n de tierras de  San Sebasti\u00e1n Teponahuaxtl\u00e1n-Waut+a y Tuxpan-Kuruxi Manuwe"},"content":{"rendered":"<p><img loading=\"lazy\" decoding=\"async\" class=\"alignnone size-medium wp-image-124\" src=\"http:\/\/consejoregionalwixarika.org\/wp-content\/uploads\/2016\/09\/13873048_1678311822492741_6174513855887158812_n-300x300.png\" alt=\"13873048_1678311822492741_6174513855887158812_n\" width=\"300\" height=\"300\" srcset=\"http:\/\/consejoregionalwixarika.org\/wp-content\/uploads\/2016\/09\/13873048_1678311822492741_6174513855887158812_n-300x300.png 300w, http:\/\/consejoregionalwixarika.org\/wp-content\/uploads\/2016\/09\/13873048_1678311822492741_6174513855887158812_n-150x150.png 150w, http:\/\/consejoregionalwixarika.org\/wp-content\/uploads\/2016\/09\/13873048_1678311822492741_6174513855887158812_n-100x100.png 100w, http:\/\/consejoregionalwixarika.org\/wp-content\/uploads\/2016\/09\/13873048_1678311822492741_6174513855887158812_n-200x200.png 200w, http:\/\/consejoregionalwixarika.org\/wp-content\/uploads\/2016\/09\/13873048_1678311822492741_6174513855887158812_n.png 389w\" sizes=\"(max-width: 300px) 100vw, 300px\" \/><\/p>\n<p>B O L E T I N DE P R E N S A<\/p>\n<p>\u2022 Despu\u00e9s de 10 diez a\u00f1os de litigio se ejecutar\u00e1 de manera forzosa la primera sentencia de restituci\u00f3n de tierras a favor de la comunidad ind\u00edgena de San Sebasti\u00e1n Teponahuaxtl\u00e1n-Waut+a y Tuxpan-Kuruxi Manuwe.<br \/>\n\u2022 El pueblo Wix\u00e1rika exige al Estado Mexicano cumpla el compromiso que dice tener con los pueblos originarios.<br \/>\n\u2022 Se exige el estricto cumplimiento del estado de derecho y que se garantice la seguridad en la ejecuci\u00f3n y posterior a la misma.<br \/>\n\u2022 Se invita a la opini\u00f3n p\u00fablica a estar al pendiente del desarrollo de los acontecimientos que puedan llegar a darse con motivo de la ejecuci\u00f3n.<\/p>\n<p>Despu\u00e9s de 10 diez a\u00f1os de litigio ante los Tribunales Agrarios, la Comunidad Ind\u00edgena Wix\u00e1rika de San Sebasti\u00e1n Teponahuaxtl\u00e1n-Waut+a y Tuxpan-Kuruxi Manuwe de los municipios de Mezquitic y Bola\u00f1os, Jalisco; llevar\u00e1 a cabo el pr\u00f3ximo d\u00eda 22 veintid\u00f3s de Septiembre del a\u00f1o en curso a las 10:00AM (diez de la ma\u00f1ana), la primera EJECUCION FORZOSA, de la sentencia dictada dentro del expediente 769\/2012, que se tramit\u00f3 ante el Tribunal Unitario Agrario Distrito XVI, con sede en la Ciudad de Guadalajara, Jalisco.<\/p>\n<p>Dicha ejecuci\u00f3n forzosa es la primera que se implementa en campo contra los ganaderos posesionarios del poblado de Huajimic, municipio de La Yesca, Nayarit; en el marco del conflicto que por m\u00e1s de 40 cuarenta a\u00f1os ha enfrentado la Comunidad con dichos ganaderos, y tendr\u00e1 por objeto una superficie de 184-73-10 hect\u00e1reas de los predios denominados \u201cPiedra Bola y Bola Negra\u201d que se encuentran en posesi\u00f3n irregular de la C. Enriqueta Montoya Ultreras, el encargado de llevar a cabo dicha ejecuci\u00f3n en campo ser\u00e1 el Magistrado adscrito al Tribunal Unitario Agrario Distrito 56, con sede en la Ciudad de Tepic, Nayarit; por ser este quien tiene jurisdicci\u00f3n sobre el municipio en el cual tendr\u00e1 verificativo dicha ejecuci\u00f3n.<\/p>\n<p>En raz\u00f3n de lo anterior, se exige al Estado Mexicano, representado por el ciudadano presidente Enrique Pe\u00f1a Nieto y su Secretario de Gobernaci\u00f3n Miguel \u00c1ngel Osorio Chong, el que cumplan con su palabra que fue dada por el primero, ante la Asamblea General de las Naciones Unidas (ONU) y el segundo en su reciente visita al Estado de Nayarit; en el sentido de que, el Gobierno que representan tiene como prioridad el garantizar estrictamente los derechos de los pueblos originarios que conforman el pa\u00eds, siendo esta la oportunidad que tienen de demostrar que efectivamente dicha palabra no fue emitida en vano.<\/p>\n<p>De igual forma, exigimos a los Gobiernos de los Estados de Jalisco y Nayarit, representados por sus Gobernadores Jorge Arist\u00f3teles Sandoval D\u00edaz y Roberto Sandoval Casta\u00f1eda el que se comprometan a prestar todas las facilidades que resulten necesarias, para llevar a cabo la correcta ejecuci\u00f3n en campo de la sentencia dictada dentro del expediente 769\/2012 y para que garanticen que durante el transcurso de la misma y con posterioridad a ella, se preservar\u00e1 la paz y el orden p\u00fablico de la regi\u00f3n, conforme a la palabra empe\u00f1ada en la reuni\u00f3n celebrada con sus Secretarios de Gobierno Roberto L\u00f3pez Lara y Jorge Armando G\u00f3mez Arias en Palacio de Gobierno de la Ciudad de Guadalajara, Jalisco; el d\u00eda 21 de agosto del a\u00f1o 2014, garantizando a nuestro pueblo Ind\u00edgena el pleno acceso y resguardo de la superficie que le ser\u00e1 devuelta en estricto cumplimiento de la sentencia dictada por las autoridades agrarias.<\/p>\n<p>No est\u00e1 por dem\u00e1s recordar que esta es la primera ejecuci\u00f3n que se implementa de un grupo de 13 expedientes que se encuentran ya en estado de ejecuci\u00f3n, sobre un total de 47 juicios que se tienen instaurados ante los Tribunales Agrarios en contra de diversos posesionarios habitantes de Huajimic, de all\u00ed la importancia de que esta primera ejecuci\u00f3n forzosa sea implementada de manera eficiente por el Estado Mexicano quien se encuentra obligado a demostrar que el estado de derecho debe prevalecer sobre cualquier otro acto intimidatorio.<\/p>\n<p>Hacemos un llamado a la opini\u00f3n p\u00fablica para que este al pendiente del desarrollo de los acontecimientos que se avecinan y para que de resultar necesario se sume a las acciones que nuestro pueblo ind\u00edgena pueda implementar para lograr el irrestricto respeto de los derechos a sus tierras y territorios, mismos que ya acredit\u00f3 tener ante Tribunales.<\/p>\n<p>Por todo lo anterior las autoridades agrarias de la comunidad de San Sebasti\u00e1n Teponahuaxtl\u00e1n-Waut+a y Tuxpan-Kuruxi Manuwe de los municipios de Mezquitic y Bola\u00f1os, Jalisco:<br \/>\nC O N V O C A M O S<br \/>\nA todo los medios libres y alternativos.<br \/>\nA los medios masivos y<br \/>\nAl P\u00fablico en General.<\/p>\n<p>Para que nos acompa\u00f1en a una RUEDA DE PRENSA \u00e9ste 09 de septiembre del 2016 a las 9:00AM, en Casa Clavigero del ITESO, ubicado en: Jos\u00e9 Guadalupe Zuno # 2083, entre Av. Chapultepec y Marsella, Col. Americana, C.P. 44160, Guadalajara, Jalisco, M\u00e9xico.<\/p>\n<p>En la cual daremos a detalles y todos los por menores de la primera ejecuci\u00f3n forzosa del 22 de septiembre del 2016. Dentro del expediente 769\/2012.<\/p>\n<p>Agradeciendo su atenci\u00f3n y comprensi\u00f3n los Wixaritari de San Sebasti\u00e1n y Tuxpan, reafirmamos que nuestra lucha siempre ha sido pac\u00edfica y ha respetado los cauces institucionales.<\/p>\n<p>A T E N T A M E N T E<br \/>\n&#8220;TATEI YURIENAKA NO SE VENDE SE AMA Y SE DEFIENDE&#8221;<br \/>\n&#8220;RESPETO A LA INTEGRIDAD DE NUESTRAS TIERRAS ANCESTRALES&#8221;<br \/>\nSeptiembre 06 del 2016.<\/p>\n<p>La comunidad ind\u00edgena Wix\u00e1rika de San Sebasti\u00e1n Teponahuaxtl\u00e1n-Waut+a y Tuxpan-Kuruxi Manuwe de los municipios de Mezquitic y Bola\u00f1os, Jalisco parte integrante del Consejo Regional Wix\u00e1rika por la Defensa de Wirikuta. Y miembro del Congreso Nacional Ind\u00edgena y de la Campa\u00f1a Nacional por la Defensa de la Madre Tierra y el Territorio.<\/p>\n<p>Para mayor informaci\u00f3n con:<\/p>\n<p>Ubaldo Valdez Casta\u00f1eda<br \/>\nCorreo: niuweme988@yahoo.com.mx<br \/>\nCel: 332-233-0145<\/p>\n<p>Miguel V\u00e1zquez Torres<br \/>\nCorreo: wieritemay77@hotmail.com<br \/>\nCel: 333-119-5554 y<\/p>\n<p>Santos De la Cruz Carrillo<br \/>\nCorreo: ala_cran20@hotmail.com<br \/>\nCel. 332-184-5660<\/p>\n","protected":false},"excerpt":{"rendered":"<p>B O L E T I N DE P R E N S A \u2022 Despu\u00e9s de 10 diez a\u00f1os de litigio se ejecutar\u00e1 de manera forzosa la primera sentencia de restituci\u00f3n de tierras a favor de la comunidad ind\u00edgena<span class=\"ellipsis\">&hellip;<\/span><\/p>\n<div class=\"read-more\"><a href=\"http:\/\/consejoregionalwixarika.org\/?p=118\">Leer m&aacute;s &#8250;<\/a><\/div>\n<p><!-- end of .read-more --><\/p>\n","protected":false},"author":2,"featured_media":119,"comment_status":"open","ping_status":"open","sticky":false,"template":"","format":"standard","meta":{"footnotes":""},"categories":[6],"tags":[],"class_list":["post-118","post","type-post","status-publish","format-standard","has-post-thumbnail","hentry","category-docs"],"_links":{"self":[{"href":"http:\/\/consejoregionalwixarika.org\/index.php?rest_route=\/wp\/v2\/posts\/118"}],"collection":[{"href":"http:\/\/consejoregionalwixarika.org\/index.php?rest_route=\/wp\/v2\/posts"}],"about":[{"href":"http:\/\/consejoregionalwixarika.org\/index.php?rest_route=\/wp\/v2\/types\/post"}],"author":[{"embeddable":true,"href":"http:\/\/consejoregionalwixarika.org\/index.php?rest_route=\/wp\/v2\/users\/2"}],"replies":[{"embeddable":true,"href":"http:\/\/consejoregionalwixarika.org\/index.php?rest_route=%2Fwp%2Fv2%2Fcomments&post=118"}],"version-history":[{"count":3,"href":"http:\/\/consejoregionalwixarika.org\/index.php?rest_route=\/wp\/v2\/posts\/118\/revisions"}],"predecessor-version":[{"id":134,"href":"http:\/\/consejoregionalwixarika.org\/index.php?rest_route=\/wp\/v2\/posts\/118\/revisions\/134"}],"wp:featuredmedia":[{"embeddable":true,"href":"http:\/\/consejoregionalwixarika.org\/index.php?rest_route=\/wp\/v2\/media\/119"}],"wp:attachment":[{"href":"http:\/\/consejoregionalwixarika.org\/index.php?rest_route=%2Fwp%2Fv2%2Fmedia&parent=118"}],"wp:term":[{"taxonomy":"category","embeddable":true,"href":"http:\/\/consejoregionalwixarika.org\/index.php?rest_route=%2Fwp%2Fv2%2Fcategories&post=118"},{"taxonomy":"post_tag","embeddable":true,"href":"http:\/\/consejoregionalwixarika.org\/index.php?rest_route=%2Fwp%2Fv2%2Ftags&post=118"}],"curies":[{"name":"wp","href":"https:\/\/api.w.org\/{rel}","templated":true}]}}