{"id":255,"date":"2017-01-24T23:38:18","date_gmt":"2017-01-24T23:38:18","guid":{"rendered":"http:\/\/consejoregionalwixarika.org\/?p=255"},"modified":"2017-01-24T23:47:23","modified_gmt":"2017-01-24T23:47:23","slug":"convocatoria-crw-reunion-general-2017","status":"publish","type":"post","link":"http:\/\/consejoregionalwixarika.org\/?p=255","title":{"rendered":"CONVOCATORIA CRW REUNI\u00d3N GENERAL 2017"},"content":{"rendered":"<p style=\"text-align: center;\"><img loading=\"lazy\" decoding=\"async\" class=\"alignnone size-medium wp-image-264\" src=\"http:\/\/consejoregionalwixarika.org\/wp-content\/uploads\/2017\/01\/LOGOTIPO-OFICIAL-CRW-300x289.png\" alt=\"\" width=\"300\" height=\"289\" srcset=\"http:\/\/consejoregionalwixarika.org\/wp-content\/uploads\/2017\/01\/LOGOTIPO-OFICIAL-CRW-300x289.png 300w, http:\/\/consejoregionalwixarika.org\/wp-content\/uploads\/2017\/01\/LOGOTIPO-OFICIAL-CRW-100x96.png 100w, http:\/\/consejoregionalwixarika.org\/wp-content\/uploads\/2017\/01\/LOGOTIPO-OFICIAL-CRW-150x144.png 150w, http:\/\/consejoregionalwixarika.org\/wp-content\/uploads\/2017\/01\/LOGOTIPO-OFICIAL-CRW-200x192.png 200w, http:\/\/consejoregionalwixarika.org\/wp-content\/uploads\/2017\/01\/LOGOTIPO-OFICIAL-CRW-450x433.png 450w, http:\/\/consejoregionalwixarika.org\/wp-content\/uploads\/2017\/01\/LOGOTIPO-OFICIAL-CRW.png 555w\" sizes=\"(max-width: 300px) 100vw, 300px\" \/><\/p>\n<p style=\"text-align: center;\"><strong>C \u00a0O N V O C A T O R I A\u00a0<\/strong><\/p>\n<p>&nbsp;<\/p>\n<p><strong>RECONOCIENDO.-<\/strong> Que la lucha y defensa del pueblo Wix\u00e1rika por conducto de Consejo Regional Wix\u00e1rika por la Defensa de Wirikuta (CRW), se ha caracterizado por fortalecer la unidad y la hermanar a las comunidades en el \u00e1mbito regional y de esta forma caminar y trabajar en pro de los territorios sagrados, siendo el camino y la ruta apropiada hasta el momento.<\/p>\n<p>&nbsp;<\/p>\n<p>Por esa raz\u00f3n para seguir endureciendo la estrategia de defensa, coordinaci\u00f3n y acciones, las comunidades Wixaritari miembros del CRW hemos convenido continuar con el trabajo colectivo y aut\u00f3nomo para seguir cumpliendo con los compromisos y sobre todo para establecer y realizar un nuevo Plan de Trabajo para este a\u00f1o que inicia, los suscritos:<\/p>\n<p>&nbsp;<\/p>\n<p style=\"text-align: center;\"><strong>C O N V O C A M O S<\/strong><\/p>\n<p>A la reuni\u00f3n de trabajo y resolutivo del Consejo Regional Wix\u00e1rila por la Defensa de Wirikuta,<strong> que tendr\u00e1 verificativo en el poblado de Huejuquilla el Alto, Jalisco., los d\u00edas 28 y 29 de enero de 2017, iniciando a las 9:20 a.m. del primer d\u00eda.<\/strong><\/p>\n<p>&nbsp;<\/p>\n<p><strong>CONVOCAMOS,<\/strong> a todos los Centros Ceremoniales, Mara\u2019akate, Presidentes de Jicareros, Jicareros, Autoridades Tradicionales, Civiles y Agrarias de las Comunidades y Organizaciones del pueblo Wix\u00e1rika siguientes:<\/p>\n<p>&nbsp;<\/p>\n<ul>\n<li>San Sebasti\u00e1n Teponahuaxtl\u00e1n- Waut+a y Tuxpan-Kuruxi Manuwe de los municipios de Mezquitic y Bola\u00f1os, Santa Catarina Cuexcomatitl\u00e1n-Tuapurie municipio de Mezquitic y San Andr\u00e9s Cohamiata-Tatei Kie municipio de Mezquitic, todas del Estado de Jalisco.<\/li>\n<li>Guadaluoe Ocot\u00e1n- Xatsitsarie municipio de La Yesca, Zoquipan Tsapuu Mayewe municipio de El Nayar y dem\u00e1s poblados del Estado de Nayarit.<\/li>\n<li>Potrero, Fortines, Puerto de Guam\u00fachil, Brasiles, Las Pilas y Bancos de Cal\u00edtique y\/o San Hip\u00f3lito y sus Anexos, todos del municipio de Mezquital, Estado de Durango.<\/li>\n<li>A la Uni\u00f3n Wix\u00e1rika de los Centros Ceremoniales de Jalisco, Durango y Nayarit, A.C.<\/li>\n<li>A la Uni\u00f3n de Comunidades Ind\u00edgenas Huicholas de Durango, A.C. y<\/li>\n<li>En general a todos los hermanos Wixaritari , que tengan inter\u00e9s en el tema.<\/li>\n<\/ul>\n<p>&nbsp;<\/p>\n<p>Para que ocurran y nos acompa\u00f1en en la REUNI\u00d3N REGIONAL en el modo, tiempo y lugar se\u00f1alado con anterioridad, para sesionar bajo el siguiente:<\/p>\n<p>&nbsp;<\/p>\n<p style=\"text-align: center;\"><strong>P R O G R A M A<\/strong><\/p>\n<ol>\n<li>Registro de Participantes<\/li>\n<li>Bienvenida<\/li>\n<li>Exposici\u00f3n de Motivos<\/li>\n<li>Rendici\u00f3n en Informe de los avances de las diferentes L\u00edneas de Acci\u00f3n por conducto de los coordinadores, bajo el siguiente orden:<\/li>\n<\/ol>\n<p style=\"padding-left: 120px;\">A. Mesa Jur\u00eddica<\/p>\n<p style=\"padding-left: 120px;\">B. Mesa de Comunicaci\u00f3n<\/p>\n<p style=\"padding-left: 120px;\">C. Mesa Pol\u00edticaD. Mesa Ambiental y T\u00e9cnica<\/p>\n<p style=\"padding-left: 120px;\">E. Mesa Comunitaria<\/p>\n<p style=\"padding-left: 120px;\">F.Mesa de Arte y Cultura<\/p>\n<p style=\"padding-left: 120px;\">G.Mesa de Administraci\u00f3n<\/p>\n<p>&nbsp;<\/p>\n<ol start=\"5\">\n<li>Valoraci\u00f3n y Evaluaci\u00f3n de las L\u00edneas de Acci\u00f3n (Sus coordinadores) del Consejo Regional Wix\u00e1rika por la Defensa de Wirikuta.<\/li>\n<li>Elaboraci\u00f3n del Plan de Trabajo 2017. Compromisos, Acuerdos y Cumplimientos.<\/li>\n<li>Conclusiones Generales<\/li>\n<li>Acto de Clausura<\/li>\n<\/ol>\n<p>&nbsp;<\/p>\n<p style=\"text-align: center;\"><strong>A T E N T A M E N T E<\/strong><\/p>\n<p style=\"text-align: center;\"><strong>Enero 15 del 2017<\/strong><\/p>\n<p style=\"text-align: center;\"><strong>Autoridades Tradicionales, Civiles y Agrarias de las comuniddes Wixaritari integrantes del Consejo Regional Wix\u00e1rika por la Defensa de Witikuta.<\/strong><\/p>\n<p>Por la comunidad de Bancos de \u00a0Cal\u00edtique o Cohamiata tradicionalmente denominado Bancos de San Hip\u00f3lito-Uweni Muyewe, municipio de Mezquital, Durango.<\/p>\n<p>Por la comunidad de San Sebasti\u00e1n Teponahuaxtl\u00e1n-Waut+a y Tuxpan-Kuruxi Manuwe de los municipios de Mezquitic y Bola\u00f1os, Jalisco.<\/p>\n<p>Por la comunidad de Santa Catarina Cuexcomatitl\u00e1n-Tuapurie municipio de Mezquitic, Jalisco.<\/p>\n<p><img loading=\"lazy\" decoding=\"async\" class=\"alignnone wp-image-258\" src=\"http:\/\/consejoregionalwixarika.org\/wp-content\/uploads\/2017\/01\/Convocatoria-1-232x300.jpg\" alt=\"\" width=\"231\" height=\"298\" srcset=\"http:\/\/consejoregionalwixarika.org\/wp-content\/uploads\/2017\/01\/Convocatoria-1-232x300.jpg 232w, http:\/\/consejoregionalwixarika.org\/wp-content\/uploads\/2017\/01\/Convocatoria-1-768x994.jpg 768w, http:\/\/consejoregionalwixarika.org\/wp-content\/uploads\/2017\/01\/Convocatoria-1-791x1024.jpg 791w, http:\/\/consejoregionalwixarika.org\/wp-content\/uploads\/2017\/01\/Convocatoria-1-100x129.jpg 100w, http:\/\/consejoregionalwixarika.org\/wp-content\/uploads\/2017\/01\/Convocatoria-1-150x194.jpg 150w, http:\/\/consejoregionalwixarika.org\/wp-content\/uploads\/2017\/01\/Convocatoria-1-200x259.jpg 200w, http:\/\/consejoregionalwixarika.org\/wp-content\/uploads\/2017\/01\/Convocatoria-1-300x388.jpg 300w, http:\/\/consejoregionalwixarika.org\/wp-content\/uploads\/2017\/01\/Convocatoria-1-450x582.jpg 450w, http:\/\/consejoregionalwixarika.org\/wp-content\/uploads\/2017\/01\/Convocatoria-1-600x776.jpg 600w, http:\/\/consejoregionalwixarika.org\/wp-content\/uploads\/2017\/01\/Convocatoria-1-900x1165.jpg 900w, http:\/\/consejoregionalwixarika.org\/wp-content\/uploads\/2017\/01\/Convocatoria-1.jpg 1700w\" sizes=\"(max-width: 231px) 100vw, 231px\" \/> <img loading=\"lazy\" decoding=\"async\" class=\"alignnone size-medium wp-image-259\" src=\"http:\/\/consejoregionalwixarika.org\/wp-content\/uploads\/2017\/01\/Convocatoria-2-232x300.jpg\" alt=\"\" width=\"232\" height=\"300\" srcset=\"http:\/\/consejoregionalwixarika.org\/wp-content\/uploads\/2017\/01\/Convocatoria-2-232x300.jpg 232w, http:\/\/consejoregionalwixarika.org\/wp-content\/uploads\/2017\/01\/Convocatoria-2-768x994.jpg 768w, http:\/\/consejoregionalwixarika.org\/wp-content\/uploads\/2017\/01\/Convocatoria-2-791x1024.jpg 791w, http:\/\/consejoregionalwixarika.org\/wp-content\/uploads\/2017\/01\/Convocatoria-2-100x129.jpg 100w, http:\/\/consejoregionalwixarika.org\/wp-content\/uploads\/2017\/01\/Convocatoria-2-150x194.jpg 150w, http:\/\/consejoregionalwixarika.org\/wp-content\/uploads\/2017\/01\/Convocatoria-2-200x259.jpg 200w, http:\/\/consejoregionalwixarika.org\/wp-content\/uploads\/2017\/01\/Convocatoria-2-300x388.jpg 300w, http:\/\/consejoregionalwixarika.org\/wp-content\/uploads\/2017\/01\/Convocatoria-2-450x582.jpg 450w, http:\/\/consejoregionalwixarika.org\/wp-content\/uploads\/2017\/01\/Convocatoria-2-600x776.jpg 600w, http:\/\/consejoregionalwixarika.org\/wp-content\/uploads\/2017\/01\/Convocatoria-2-900x1165.jpg 900w, http:\/\/consejoregionalwixarika.org\/wp-content\/uploads\/2017\/01\/Convocatoria-2.jpg 1700w\" sizes=\"(max-width: 232px) 100vw, 232px\" \/> <img loading=\"lazy\" decoding=\"async\" class=\"alignnone size-medium wp-image-260\" src=\"http:\/\/consejoregionalwixarika.org\/wp-content\/uploads\/2017\/01\/Convocatoria-3-232x300.jpg\" alt=\"\" width=\"232\" height=\"300\" srcset=\"http:\/\/consejoregionalwixarika.org\/wp-content\/uploads\/2017\/01\/Convocatoria-3-232x300.jpg 232w, http:\/\/consejoregionalwixarika.org\/wp-content\/uploads\/2017\/01\/Convocatoria-3-768x994.jpg 768w, http:\/\/consejoregionalwixarika.org\/wp-content\/uploads\/2017\/01\/Convocatoria-3-791x1024.jpg 791w, http:\/\/consejoregionalwixarika.org\/wp-content\/uploads\/2017\/01\/Convocatoria-3-100x129.jpg 100w, http:\/\/consejoregionalwixarika.org\/wp-content\/uploads\/2017\/01\/Convocatoria-3-150x194.jpg 150w, http:\/\/consejoregionalwixarika.org\/wp-content\/uploads\/2017\/01\/Convocatoria-3-200x259.jpg 200w, http:\/\/consejoregionalwixarika.org\/wp-content\/uploads\/2017\/01\/Convocatoria-3-300x388.jpg 300w, http:\/\/consejoregionalwixarika.org\/wp-content\/uploads\/2017\/01\/Convocatoria-3-450x582.jpg 450w, http:\/\/consejoregionalwixarika.org\/wp-content\/uploads\/2017\/01\/Convocatoria-3-600x776.jpg 600w, http:\/\/consejoregionalwixarika.org\/wp-content\/uploads\/2017\/01\/Convocatoria-3-900x1165.jpg 900w, http:\/\/consejoregionalwixarika.org\/wp-content\/uploads\/2017\/01\/Convocatoria-3.jpg 1700w\" sizes=\"(max-width: 232px) 100vw, 232px\" \/> <img loading=\"lazy\" decoding=\"async\" class=\"alignnone size-medium wp-image-261\" src=\"http:\/\/consejoregionalwixarika.org\/wp-content\/uploads\/2017\/01\/Convocatoria-4-232x300.jpg\" alt=\"\" width=\"232\" height=\"300\" srcset=\"http:\/\/consejoregionalwixarika.org\/wp-content\/uploads\/2017\/01\/Convocatoria-4-232x300.jpg 232w, http:\/\/consejoregionalwixarika.org\/wp-content\/uploads\/2017\/01\/Convocatoria-4-768x994.jpg 768w, http:\/\/consejoregionalwixarika.org\/wp-content\/uploads\/2017\/01\/Convocatoria-4-791x1024.jpg 791w, http:\/\/consejoregionalwixarika.org\/wp-content\/uploads\/2017\/01\/Convocatoria-4-100x129.jpg 100w, http:\/\/consejoregionalwixarika.org\/wp-content\/uploads\/2017\/01\/Convocatoria-4-150x194.jpg 150w, http:\/\/consejoregionalwixarika.org\/wp-content\/uploads\/2017\/01\/Convocatoria-4-200x259.jpg 200w, http:\/\/consejoregionalwixarika.org\/wp-content\/uploads\/2017\/01\/Convocatoria-4-300x388.jpg 300w, http:\/\/consejoregionalwixarika.org\/wp-content\/uploads\/2017\/01\/Convocatoria-4-450x582.jpg 450w, http:\/\/consejoregionalwixarika.org\/wp-content\/uploads\/2017\/01\/Convocatoria-4-600x776.jpg 600w, http:\/\/consejoregionalwixarika.org\/wp-content\/uploads\/2017\/01\/Convocatoria-4-900x1165.jpg 900w, http:\/\/consejoregionalwixarika.org\/wp-content\/uploads\/2017\/01\/Convocatoria-4.jpg 1700w\" sizes=\"(max-width: 232px) 100vw, 232px\" \/><\/p>\n","protected":false},"excerpt":{"rendered":"<p>C \u00a0O N V O C A T O R I A\u00a0 &nbsp; RECONOCIENDO.- Que la lucha y defensa del pueblo Wix\u00e1rika por conducto de Consejo Regional Wix\u00e1rika por la Defensa de Wirikuta (CRW), se ha caracterizado por fortalecer la<span class=\"ellipsis\">&hellip;<\/span><\/p>\n<div class=\"read-more\"><a href=\"http:\/\/consejoregionalwixarika.org\/?p=255\">Leer m&aacute;s &#8250;<\/a><\/div>\n<p><!-- end of .read-more --><\/p>\n","protected":false},"author":2,"featured_media":135,"comment_status":"open","ping_status":"open","sticky":false,"template":"","format":"standard","meta":{"footnotes":""},"categories":[6],"tags":[26,27,13,9],"class_list":["post-255","post","type-post","status-publish","format-standard","has-post-thumbnail","hentry","category-docs","tag-consejo-regional-wixarika","tag-lugares-sagrados","tag-wirikuta","tag-wixarika"],"_links":{"self":[{"href":"http:\/\/consejoregionalwixarika.org\/index.php?rest_route=\/wp\/v2\/posts\/255"}],"collection":[{"href":"http:\/\/consejoregionalwixarika.org\/index.php?rest_route=\/wp\/v2\/posts"}],"about":[{"href":"http:\/\/consejoregionalwixarika.org\/index.php?rest_route=\/wp\/v2\/types\/post"}],"author":[{"embeddable":true,"href":"http:\/\/consejoregionalwixarika.org\/index.php?rest_route=\/wp\/v2\/users\/2"}],"replies":[{"embeddable":true,"href":"http:\/\/consejoregionalwixarika.org\/index.php?rest_route=%2Fwp%2Fv2%2Fcomments&post=255"}],"version-history":[{"count":4,"href":"http:\/\/consejoregionalwixarika.org\/index.php?rest_route=\/wp\/v2\/posts\/255\/revisions"}],"predecessor-version":[{"id":263,"href":"http:\/\/consejoregionalwixarika.org\/index.php?rest_route=\/wp\/v2\/posts\/255\/revisions\/263"}],"wp:featuredmedia":[{"embeddable":true,"href":"http:\/\/consejoregionalwixarika.org\/index.php?rest_route=\/wp\/v2\/media\/135"}],"wp:attachment":[{"href":"http:\/\/consejoregionalwixarika.org\/index.php?rest_route=%2Fwp%2Fv2%2Fmedia&parent=255"}],"wp:term":[{"taxonomy":"category","embeddable":true,"href":"http:\/\/consejoregionalwixarika.org\/index.php?rest_route=%2Fwp%2Fv2%2Fcategories&post=255"},{"taxonomy":"post_tag","embeddable":true,"href":"http:\/\/consejoregionalwixarika.org\/index.php?rest_route=%2Fwp%2Fv2%2Ftags&post=255"}],"curies":[{"name":"wp","href":"https:\/\/api.w.org\/{rel}","templated":true}]}}