{"id":423,"date":"2017-09-29T20:32:59","date_gmt":"2017-09-29T20:32:59","guid":{"rendered":"http:\/\/consejoregionalwixarika.org\/?p=423"},"modified":"2017-09-30T02:27:33","modified_gmt":"2017-09-30T02:27:33","slug":"tuapurie-protesta-cierra-escuelas-hasta-que-gobierno-de-jalisco-se-presente-y-de-soluciones","status":"publish","type":"post","link":"http:\/\/consejoregionalwixarika.org\/?p=423","title":{"rendered":"Tuapurie PROTESTA, CIERRA ESCUELAS de nivel b\u00e1sico exige a Gobierno de Jalisco les de soluciones"},"content":{"rendered":"<p>Tuapurie PROTESTA, CIERRA ESCUELAS DE NIVEL B\u00c1SICO ante la omisi\u00f3n del Gobernador del estado de Jalisco Arist\u00f3teles Sandoval y por tercera ocasi\u00f3n de las Secretar\u00edas citadas en las peticiones para presentarse en la comunidad el 09 de agosto, 22 de septiembre y nuevamente el 28 de septiembre de 2017.<\/p>\n<p style=\"text-align: center;\"><strong>2\u00ba COMUNICADO DE LA COMUNIDAD DE TUAPURIE<\/strong><\/p>\n<p><img loading=\"lazy\" decoding=\"async\" class=\"size-medium wp-image-479 aligncenter\" src=\"http:\/\/consejoregionalwixarika.org\/wp-content\/uploads\/2017\/09\/IMG-20170928-WA0005-1-300x225.jpg\" alt=\"\" width=\"300\" height=\"225\" srcset=\"http:\/\/consejoregionalwixarika.org\/wp-content\/uploads\/2017\/09\/IMG-20170928-WA0005-1-300x225.jpg 300w, http:\/\/consejoregionalwixarika.org\/wp-content\/uploads\/2017\/09\/IMG-20170928-WA0005-1-768x576.jpg 768w, http:\/\/consejoregionalwixarika.org\/wp-content\/uploads\/2017\/09\/IMG-20170928-WA0005-1-1024x768.jpg 1024w, http:\/\/consejoregionalwixarika.org\/wp-content\/uploads\/2017\/09\/IMG-20170928-WA0005-1-100x75.jpg 100w, http:\/\/consejoregionalwixarika.org\/wp-content\/uploads\/2017\/09\/IMG-20170928-WA0005-1-150x113.jpg 150w, http:\/\/consejoregionalwixarika.org\/wp-content\/uploads\/2017\/09\/IMG-20170928-WA0005-1-200x150.jpg 200w, http:\/\/consejoregionalwixarika.org\/wp-content\/uploads\/2017\/09\/IMG-20170928-WA0005-1-450x338.jpg 450w, http:\/\/consejoregionalwixarika.org\/wp-content\/uploads\/2017\/09\/IMG-20170928-WA0005-1-600x450.jpg 600w, http:\/\/consejoregionalwixarika.org\/wp-content\/uploads\/2017\/09\/IMG-20170928-WA0005-1-900x675.jpg 900w, http:\/\/consejoregionalwixarika.org\/wp-content\/uploads\/2017\/09\/IMG-20170928-WA0005-1.jpg 1280w\" sizes=\"(max-width: 300px) 100vw, 300px\" \/><\/p>\n<p>&nbsp;<\/p>\n<p><strong>A los medios de comunicaci\u00f3n libres e independientes<\/strong><\/p>\n<p><strong>A las organizaciones civiles<\/strong><\/p>\n<p><strong>A las organizaciones de Derechos Humanos en defensa de los Pueblos Originarios<\/strong><\/p>\n<p><strong>A los Artistas, Intelectuales, Acad\u00e9micos Nacionales e Internacionales<\/strong><\/p>\n<p><strong>A la sociedad civil en general<\/strong><\/p>\n<p>Siendo a las 3:00 P.M. del d\u00eda 28 de septiembre de 2017, estando reunidos las Autoridades Agrarias y Tradicionales, as\u00ed como, Comuneros de la jurisdicci\u00f3n de Tuapurie-Santa Catarina Cuexcomatitl\u00e1n, municipio de Mezquitic, Estado de Jalisco, mediante acuerdo com\u00fan determina <strong>CERRAR TODAS LAS ESCUELAS DE NIVEL B\u00c1SICO<\/strong> que se encuentran dentro de la comunidad por tiempo indefinido en <strong>PROTESTA a la omisi\u00f3n de la Convocatoria<\/strong> <strong>girada al Gobernador del Estado de Jalisco<\/strong> con fecha 22 de Septiembre del presente a\u00f1o y recibido el 25 de septiembre de 2017, <strong>para responder a las demandas<\/strong> <strong>del pliego petitorio<\/strong> que se hizo llegar a las diferentes Secretar\u00edas fechado 09 de agosto de 2017 y en el que <strong>se exige a las Secretar\u00edas a comparecer ante la Asamblea de Comuneros<\/strong> reunidos en la Localidad de Nueva Colonia para el d\u00eda 22 de septiembre, acto al que <strong>no se presentaron. <\/strong><\/p>\n<p>A esta convocatoria <strong>tampoco el Titular del Poder Ejecutivo hizo presencia<\/strong>, estas acciones indignan profundamente a todos los Comuneros y no tuvo otra alternativa m\u00e1s que proceder a una <strong>PROTESTA INDEFINIDA<\/strong> hasta que se de respuesta a las demandas planteadas.<\/p>\n<p><img loading=\"lazy\" decoding=\"async\" class=\"size-medium wp-image-439 aligncenter\" src=\"http:\/\/consejoregionalwixarika.org\/wp-content\/uploads\/2017\/09\/IMG-20170928-WA0000-1-300x225.jpg\" alt=\"\" width=\"300\" height=\"225\" srcset=\"http:\/\/consejoregionalwixarika.org\/wp-content\/uploads\/2017\/09\/IMG-20170928-WA0000-1-300x225.jpg 300w, http:\/\/consejoregionalwixarika.org\/wp-content\/uploads\/2017\/09\/IMG-20170928-WA0000-1-768x576.jpg 768w, http:\/\/consejoregionalwixarika.org\/wp-content\/uploads\/2017\/09\/IMG-20170928-WA0000-1-1024x768.jpg 1024w, http:\/\/consejoregionalwixarika.org\/wp-content\/uploads\/2017\/09\/IMG-20170928-WA0000-1-100x75.jpg 100w, http:\/\/consejoregionalwixarika.org\/wp-content\/uploads\/2017\/09\/IMG-20170928-WA0000-1-150x113.jpg 150w, http:\/\/consejoregionalwixarika.org\/wp-content\/uploads\/2017\/09\/IMG-20170928-WA0000-1-200x150.jpg 200w, http:\/\/consejoregionalwixarika.org\/wp-content\/uploads\/2017\/09\/IMG-20170928-WA0000-1-450x338.jpg 450w, http:\/\/consejoregionalwixarika.org\/wp-content\/uploads\/2017\/09\/IMG-20170928-WA0000-1-600x450.jpg 600w, http:\/\/consejoregionalwixarika.org\/wp-content\/uploads\/2017\/09\/IMG-20170928-WA0000-1-900x675.jpg 900w, http:\/\/consejoregionalwixarika.org\/wp-content\/uploads\/2017\/09\/IMG-20170928-WA0000-1.jpg 1280w\" sizes=\"(max-width: 300px) 100vw, 300px\" \/><\/p>\n<p><strong>No estamos solos, nos respaldan las leyes Nacionales e Internacionales como el Convenio 169 de la Organizaci\u00f3n Internacional del Trabajo (OIT) y la Declaraci\u00f3n Universal de los Derechos de los Pueblos Ind\u00edgenas y Tribales en Pa\u00edses Independientes emitida por la Organizaci\u00f3n de las Naciones Unidas (ONU), entre otras.<\/strong><\/p>\n<p>Solicitamos a todas las personas de buena fe y voluntad a que se solidaricen con el Pueblo Wix\u00e1rika y hagan extensiva a esta invitaci\u00f3n por la defensa de los derechos mas elementales.<\/p>\n<p style=\"text-align: center;\"><strong>A T E N T A M E N T E<\/strong><\/p>\n<p style=\"text-align: center;\"><strong>&#8220;POR LA REIVINDICACI\u00d3N DE LOS DERECHOS DE LOS PUEBLOS ORIGINARIOS DE TUAPURIE\u201d<\/strong><\/p>\n<p style=\"text-align: center;\"><strong>Tuapurie-Santa Catarina Cuexcomatitl\u00e1n, municipio de Mezquitic, Jalisco, a 28 de septiembre de 2017.<\/strong><\/p>\n<p><img loading=\"lazy\" decoding=\"async\" class=\"aligncenter wp-image-480 size-full\" src=\"http:\/\/consejoregionalwixarika.org\/wp-content\/uploads\/2017\/09\/1.png\" alt=\"\" width=\"606\" height=\"780\" srcset=\"http:\/\/consejoregionalwixarika.org\/wp-content\/uploads\/2017\/09\/1.png 606w, http:\/\/consejoregionalwixarika.org\/wp-content\/uploads\/2017\/09\/1-233x300.png 233w, http:\/\/consejoregionalwixarika.org\/wp-content\/uploads\/2017\/09\/1-100x129.png 100w, http:\/\/consejoregionalwixarika.org\/wp-content\/uploads\/2017\/09\/1-150x193.png 150w, http:\/\/consejoregionalwixarika.org\/wp-content\/uploads\/2017\/09\/1-200x257.png 200w, http:\/\/consejoregionalwixarika.org\/wp-content\/uploads\/2017\/09\/1-300x386.png 300w, http:\/\/consejoregionalwixarika.org\/wp-content\/uploads\/2017\/09\/1-450x579.png 450w, http:\/\/consejoregionalwixarika.org\/wp-content\/uploads\/2017\/09\/1-600x772.png 600w\" sizes=\"(max-width: 606px) 100vw, 606px\" \/> <img loading=\"lazy\" decoding=\"async\" class=\"aligncenter wp-image-481 size-full\" src=\"http:\/\/consejoregionalwixarika.org\/wp-content\/uploads\/2017\/09\/2.png\" alt=\"\" width=\"604\" height=\"780\" srcset=\"http:\/\/consejoregionalwixarika.org\/wp-content\/uploads\/2017\/09\/2.png 604w, http:\/\/consejoregionalwixarika.org\/wp-content\/uploads\/2017\/09\/2-232x300.png 232w, http:\/\/consejoregionalwixarika.org\/wp-content\/uploads\/2017\/09\/2-100x129.png 100w, http:\/\/consejoregionalwixarika.org\/wp-content\/uploads\/2017\/09\/2-150x194.png 150w, http:\/\/consejoregionalwixarika.org\/wp-content\/uploads\/2017\/09\/2-200x258.png 200w, http:\/\/consejoregionalwixarika.org\/wp-content\/uploads\/2017\/09\/2-300x387.png 300w, http:\/\/consejoregionalwixarika.org\/wp-content\/uploads\/2017\/09\/2-450x581.png 450w, http:\/\/consejoregionalwixarika.org\/wp-content\/uploads\/2017\/09\/2-600x775.png 600w\" sizes=\"(max-width: 604px) 100vw, 604px\" \/><img loading=\"lazy\" decoding=\"async\" class=\"aligncenter wp-image-482 size-full\" src=\"http:\/\/consejoregionalwixarika.org\/wp-content\/uploads\/2017\/09\/3.png\" alt=\"\" width=\"603\" height=\"781\" srcset=\"http:\/\/consejoregionalwixarika.org\/wp-content\/uploads\/2017\/09\/3.png 603w, http:\/\/consejoregionalwixarika.org\/wp-content\/uploads\/2017\/09\/3-232x300.png 232w, http:\/\/consejoregionalwixarika.org\/wp-content\/uploads\/2017\/09\/3-100x130.png 100w, http:\/\/consejoregionalwixarika.org\/wp-content\/uploads\/2017\/09\/3-150x194.png 150w, http:\/\/consejoregionalwixarika.org\/wp-content\/uploads\/2017\/09\/3-200x259.png 200w, http:\/\/consejoregionalwixarika.org\/wp-content\/uploads\/2017\/09\/3-300x389.png 300w, http:\/\/consejoregionalwixarika.org\/wp-content\/uploads\/2017\/09\/3-450x583.png 450w, http:\/\/consejoregionalwixarika.org\/wp-content\/uploads\/2017\/09\/3-600x777.png 600w\" sizes=\"(max-width: 603px) 100vw, 603px\" \/><\/p>\n","protected":false},"excerpt":{"rendered":"<p>Tuapurie PROTESTA, CIERRA ESCUELAS DE NIVEL B\u00c1SICO ante la omisi\u00f3n del Gobernador del estado de Jalisco Arist\u00f3teles Sandoval y por tercera ocasi\u00f3n de las Secretar\u00edas citadas en las peticiones para presentarse en la comunidad el 09 de agosto, 22 de<span class=\"ellipsis\">&hellip;<\/span><\/p>\n<div class=\"read-more\"><a href=\"http:\/\/consejoregionalwixarika.org\/?p=423\">Leer m&aacute;s &#8250;<\/a><\/div>\n<p><!-- end of .read-more --><\/p>\n","protected":false},"author":2,"featured_media":439,"comment_status":"open","ping_status":"open","sticky":false,"template":"","format":"standard","meta":{"footnotes":""},"categories":[6],"tags":[37,39,36,40],"class_list":["post-423","post","type-post","status-publish","format-standard","has-post-thumbnail","hentry","category-docs","tag-gobierno-de-jalisco","tag-omision-del-estado","tag-santa-catarina-cuexcomatitlan","tag-violacion-de-derechos"],"_links":{"self":[{"href":"http:\/\/consejoregionalwixarika.org\/index.php?rest_route=\/wp\/v2\/posts\/423"}],"collection":[{"href":"http:\/\/consejoregionalwixarika.org\/index.php?rest_route=\/wp\/v2\/posts"}],"about":[{"href":"http:\/\/consejoregionalwixarika.org\/index.php?rest_route=\/wp\/v2\/types\/post"}],"author":[{"embeddable":true,"href":"http:\/\/consejoregionalwixarika.org\/index.php?rest_route=\/wp\/v2\/users\/2"}],"replies":[{"embeddable":true,"href":"http:\/\/consejoregionalwixarika.org\/index.php?rest_route=%2Fwp%2Fv2%2Fcomments&post=423"}],"version-history":[{"count":22,"href":"http:\/\/consejoregionalwixarika.org\/index.php?rest_route=\/wp\/v2\/posts\/423\/revisions"}],"predecessor-version":[{"id":503,"href":"http:\/\/consejoregionalwixarika.org\/index.php?rest_route=\/wp\/v2\/posts\/423\/revisions\/503"}],"wp:featuredmedia":[{"embeddable":true,"href":"http:\/\/consejoregionalwixarika.org\/index.php?rest_route=\/wp\/v2\/media\/439"}],"wp:attachment":[{"href":"http:\/\/consejoregionalwixarika.org\/index.php?rest_route=%2Fwp%2Fv2%2Fmedia&parent=423"}],"wp:term":[{"taxonomy":"category","embeddable":true,"href":"http:\/\/consejoregionalwixarika.org\/index.php?rest_route=%2Fwp%2Fv2%2Fcategories&post=423"},{"taxonomy":"post_tag","embeddable":true,"href":"http:\/\/consejoregionalwixarika.org\/index.php?rest_route=%2Fwp%2Fv2%2Ftags&post=423"}],"curies":[{"name":"wp","href":"https:\/\/api.w.org\/{rel}","templated":true}]}}