{"id":664,"date":"2018-04-09T03:12:45","date_gmt":"2018-04-09T03:12:45","guid":{"rendered":"http:\/\/consejoregionalwixarika.org\/?p=664"},"modified":"2018-04-09T03:19:01","modified_gmt":"2018-04-09T03:19:01","slug":"la-comunidad-autonoma-wixarika-de-bancos-de-calitique-invitan-conferencia-de-prensa","status":"publish","type":"post","link":"http:\/\/consejoregionalwixarika.org\/?p=664","title":{"rendered":"La comunidad aut\u00f3noma Wix\u00e1rika de Bancos de Cal\u00edtique invita a: Conferencia de Prensa"},"content":{"rendered":"<p>&nbsp;<\/p>\n<p><img loading=\"lazy\" decoding=\"async\" class=\"size-full wp-image-666 aligncenter\" src=\"http:\/\/consejoregionalwixarika.org\/wp-content\/uploads\/2018\/04\/CP1.jpg\" alt=\"\" width=\"1700\" height=\"2187\" srcset=\"http:\/\/consejoregionalwixarika.org\/wp-content\/uploads\/2018\/04\/CP1.jpg 1700w, http:\/\/consejoregionalwixarika.org\/wp-content\/uploads\/2018\/04\/CP1-233x300.jpg 233w, http:\/\/consejoregionalwixarika.org\/wp-content\/uploads\/2018\/04\/CP1-768x988.jpg 768w, http:\/\/consejoregionalwixarika.org\/wp-content\/uploads\/2018\/04\/CP1-796x1024.jpg 796w, http:\/\/consejoregionalwixarika.org\/wp-content\/uploads\/2018\/04\/CP1-624x803.jpg 624w\" sizes=\"(max-width: 1700px) 100vw, 1700px\" \/><\/p>\n<p><img loading=\"lazy\" decoding=\"async\" class=\"size-full wp-image-665 aligncenter\" src=\"http:\/\/consejoregionalwixarika.org\/wp-content\/uploads\/2018\/04\/CP2.jpg\" alt=\"\" width=\"1700\" height=\"2202\" srcset=\"http:\/\/consejoregionalwixarika.org\/wp-content\/uploads\/2018\/04\/CP2.jpg 1700w, http:\/\/consejoregionalwixarika.org\/wp-content\/uploads\/2018\/04\/CP2-232x300.jpg 232w, http:\/\/consejoregionalwixarika.org\/wp-content\/uploads\/2018\/04\/CP2-768x995.jpg 768w, http:\/\/consejoregionalwixarika.org\/wp-content\/uploads\/2018\/04\/CP2-791x1024.jpg 791w, http:\/\/consejoregionalwixarika.org\/wp-content\/uploads\/2018\/04\/CP2-624x808.jpg 624w\" sizes=\"(max-width: 1700px) 100vw, 1700px\" \/><\/p>\n","protected":false},"excerpt":{"rendered":"<p>&nbsp;<\/p>\n","protected":false},"author":1,"featured_media":624,"comment_status":"open","ping_status":"open","sticky":false,"template":"","format":"standard","meta":{"footnotes":""},"categories":[12],"tags":[47,46],"class_list":["post-664","post","type-post","status-publish","format-standard","has-post-thumbnail","hentry","category-eventos","tag-bancos-de-calitique","tag-conferencia-de-prensa"],"_links":{"self":[{"href":"http:\/\/consejoregionalwixarika.org\/index.php?rest_route=\/wp\/v2\/posts\/664"}],"collection":[{"href":"http:\/\/consejoregionalwixarika.org\/index.php?rest_route=\/wp\/v2\/posts"}],"about":[{"href":"http:\/\/consejoregionalwixarika.org\/index.php?rest_route=\/wp\/v2\/types\/post"}],"author":[{"embeddable":true,"href":"http:\/\/consejoregionalwixarika.org\/index.php?rest_route=\/wp\/v2\/users\/1"}],"replies":[{"embeddable":true,"href":"http:\/\/consejoregionalwixarika.org\/index.php?rest_route=%2Fwp%2Fv2%2Fcomments&post=664"}],"version-history":[{"count":3,"href":"http:\/\/consejoregionalwixarika.org\/index.php?rest_route=\/wp\/v2\/posts\/664\/revisions"}],"predecessor-version":[{"id":669,"href":"http:\/\/consejoregionalwixarika.org\/index.php?rest_route=\/wp\/v2\/posts\/664\/revisions\/669"}],"wp:featuredmedia":[{"embeddable":true,"href":"http:\/\/consejoregionalwixarika.org\/index.php?rest_route=\/wp\/v2\/media\/624"}],"wp:attachment":[{"href":"http:\/\/consejoregionalwixarika.org\/index.php?rest_route=%2Fwp%2Fv2%2Fmedia&parent=664"}],"wp:term":[{"taxonomy":"category","embeddable":true,"href":"http:\/\/consejoregionalwixarika.org\/index.php?rest_route=%2Fwp%2Fv2%2Fcategories&post=664"},{"taxonomy":"post_tag","embeddable":true,"href":"http:\/\/consejoregionalwixarika.org\/index.php?rest_route=%2Fwp%2Fv2%2Ftags&post=664"}],"curies":[{"name":"wp","href":"https:\/\/api.w.org\/{rel}","templated":true}]}}