{"id":771,"date":"2019-06-12T14:06:25","date_gmt":"2019-06-12T14:06:25","guid":{"rendered":"http:\/\/consejoregionalwixarika.org\/?p=771"},"modified":"2019-06-12T21:10:09","modified_gmt":"2019-06-12T21:10:09","slug":"cuatro-jicareros-wixaritari-detenidos","status":"publish","type":"post","link":"http:\/\/consejoregionalwixarika.org\/?p=771","title":{"rendered":"CUATRO JICAREROS WIXARITARI DETENIDOS"},"content":{"rendered":"\n<p>Ayer martes 11 de junio de 2019, aprox. a las 12 del medio d\u00eda, cuatro jicareros wixaritari fueron detenidos por portaci\u00f3n de armas en Mezquitic, Jalisco, y trasladados a la Procuraduria General de la Rep\u00fablica con cede en la ciudad de Guadalajara.  <\/p>\n\n\n\n<p>Los nombres de los detenidos son Juan Torres Gonzalez, Presidente de Jicareros de Pochotita, Rosalio Carrillo Robles, Reynaldo Cosio De la Rosa, Cristino Carrillo Flores, quienes  pertenecen a  la comunidad wix\u00e1rika de de Tuaurie- Santa Catarina Cuexcomatitl\u00e1n, quienes se encontraban realizando actividades ceremoniales al momento de su detenci\u00f3n.<\/p>\n\n\n\n<p>Entrevistamos al Presidente del Comisariado de Bienes Comunales de Tuapurie Rafael Robles Carrillo, quien estuvo presente en la gesti\u00f3n para la liberaci\u00f3n de estos jicareros, y nos informa que hoy mismo ser\u00e1n liberados seg\u00fan el Licenciado Maximiliano Huicho Gamez Agente del Ministerio Publico de la Federaci\u00f3n Titular de la Agencia 4 Investigadora de Guadalajara, Jalisco.<\/p>\n\n\n\n<p>El pueblo wix\u00e1rika tiene una serie de compromisos ceremoniales a lo largo del a\u00f1o, y cumple con la entrega de ofrenda a sus deidades, y una de las m\u00e1s importantes es la ceremonia para el temporal de lluvias y bienestar de la comunidad en la que los jicareros detenidos se encontraban.<\/p>\n\n\n\n<p>En este caso el Presidente del Comisariado Rafael Robles exhorta a las autoridades a informarse debidamente de las actividades ceremoniales del pueblo wix\u00e1rika, para no incurrir en alguna arbitrariedad en contra de sus jicareros.<\/p>\n\n\n\n<p><\/p>\n","protected":false},"excerpt":{"rendered":"<p>Ayer martes 11 de junio de 2019, aprox. a las 12 del medio d\u00eda, cuatro jicareros wixaritari fueron detenidos por portaci\u00f3n de armas en Mezquitic, Jalisco, y trasladados a la Procuraduria General de la Rep\u00fablica con cede en la ciudad<span class=\"ellipsis\">&hellip;<\/span><\/p>\n<div class=\"read-more\"><a href=\"http:\/\/consejoregionalwixarika.org\/?p=771\">Leer m&aacute;s &#8250;<\/a><\/div>\n<p><!-- end of .read-more --><\/p>\n","protected":false},"author":2,"featured_media":0,"comment_status":"open","ping_status":"open","sticky":false,"template":"","format":"standard","meta":{"footnotes":""},"categories":[1],"tags":[],"class_list":["post-771","post","type-post","status-publish","format-standard","hentry","category-uncategorized"],"_links":{"self":[{"href":"http:\/\/consejoregionalwixarika.org\/index.php?rest_route=\/wp\/v2\/posts\/771"}],"collection":[{"href":"http:\/\/consejoregionalwixarika.org\/index.php?rest_route=\/wp\/v2\/posts"}],"about":[{"href":"http:\/\/consejoregionalwixarika.org\/index.php?rest_route=\/wp\/v2\/types\/post"}],"author":[{"embeddable":true,"href":"http:\/\/consejoregionalwixarika.org\/index.php?rest_route=\/wp\/v2\/users\/2"}],"replies":[{"embeddable":true,"href":"http:\/\/consejoregionalwixarika.org\/index.php?rest_route=%2Fwp%2Fv2%2Fcomments&post=771"}],"version-history":[{"count":2,"href":"http:\/\/consejoregionalwixarika.org\/index.php?rest_route=\/wp\/v2\/posts\/771\/revisions"}],"predecessor-version":[{"id":774,"href":"http:\/\/consejoregionalwixarika.org\/index.php?rest_route=\/wp\/v2\/posts\/771\/revisions\/774"}],"wp:attachment":[{"href":"http:\/\/consejoregionalwixarika.org\/index.php?rest_route=%2Fwp%2Fv2%2Fmedia&parent=771"}],"wp:term":[{"taxonomy":"category","embeddable":true,"href":"http:\/\/consejoregionalwixarika.org\/index.php?rest_route=%2Fwp%2Fv2%2Fcategories&post=771"},{"taxonomy":"post_tag","embeddable":true,"href":"http:\/\/consejoregionalwixarika.org\/index.php?rest_route=%2Fwp%2Fv2%2Ftags&post=771"}],"curies":[{"name":"wp","href":"https:\/\/api.w.org\/{rel}","templated":true}]}}